{"id":24776,"date":"2026-02-16T18:52:11","date_gmt":"2026-02-17T00:52:11","guid":{"rendered":"https:\/\/gobernacionaltaverapaz.gob.gt\/?p=24776"},"modified":"2026-03-09T15:47:25","modified_gmt":"2026-03-09T21:47:25","slug":"coordinacion-interinstitucional-ante-la-temporada-de-incendios-forestales","status":"publish","type":"post","link":"https:\/\/gobernacionaltaverapaz.gob.gt\/?p=24776","title":{"rendered":"Coordinaci\u00f3n interinstitucional ante la temporada de incendios forestales"},"content":{"rendered":"<div class=\"x14z9mp xat24cr x1lziwak x1vvkbs xtlvy1s x126k92a\">\n<div dir=\"auto\" style=\"text-align: justify;\">La Gobernaci\u00f3n Departamental de Alta Verapaz, bajo la coordinaci\u00f3n de la Gobernadora Departamental, en su calidad de Directora de la CODRED, particip\u00f3 en la reuni\u00f3n de mesa t\u00e9cnica donde fue presentado el Plan de Acci\u00f3n Departamental de Incendios Forestales y No Forestales 2026. Este espacio permiti\u00f3 fortalecer la articulaci\u00f3n y planificaci\u00f3n operativa para la prevenci\u00f3n, mitigaci\u00f3n y respuesta ante emergencias durante la \u00e9poca seca.<\/div>\n<\/div>\n<div class=\"x14z9mp xat24cr x1lziwak x1vvkbs xtlvy1s x126k92a\">\n<div dir=\"auto\" style=\"text-align: justify;\">En la jornada participaron instituciones del Sistema CONRED, Instituto Nacional de Bosques (INAB), Consejo Nacional de \u00c1reas Protegidas (CONAP), Ministerio de Ambiente y Recursos Naturales (MARN), Ministerio de Agricultura, Ganader\u00eda y Alimentaci\u00f3n (MAGA), Ministerio de la Defensa Nacional, Bomberos Municipales Departamentales (ASONBOMD), Patrulla Especial de Rescate Nacional (PERN), as\u00ed como entidades vinculadas a la gesti\u00f3n del riesgo. Durante la reuni\u00f3n se abordaron lineamientos de coordinaci\u00f3n, procesos de capacitaci\u00f3n y estrategias de prevenci\u00f3n orientadas al territorio.<\/div>\n<\/div>\n<p>&nbsp;<\/p>\n<div><\/div>\n","protected":false},"excerpt":{"rendered":"<p>La Gobernaci\u00f3n Departamental de Alta Verapaz, bajo la coordinaci\u00f3n de la Gobernadora Departamental, en su calidad de Directora de la CODRED, particip\u00f3 en la reuni\u00f3n de mesa t\u00e9cnica donde fue presentado el Plan de Acci\u00f3n Departamental de Incendios Forestales y No Forestales 2026. Este espacio permiti\u00f3 fortalecer la articulaci\u00f3n y planificaci\u00f3n operativa para la prevenci\u00f3n, [&hellip;]<\/p>\n","protected":false},"author":1,"featured_media":24772,"comment_status":"closed","ping_status":"open","sticky":false,"template":"","format":"gallery","meta":[],"categories":[183,214],"tags":[178],"_links":{"self":[{"href":"https:\/\/gobernacionaltaverapaz.gob.gt\/index.php?rest_route=\/wp\/v2\/posts\/24776"}],"collection":[{"href":"https:\/\/gobernacionaltaverapaz.gob.gt\/index.php?rest_route=\/wp\/v2\/posts"}],"about":[{"href":"https:\/\/gobernacionaltaverapaz.gob.gt\/index.php?rest_route=\/wp\/v2\/types\/post"}],"author":[{"embeddable":true,"href":"https:\/\/gobernacionaltaverapaz.gob.gt\/index.php?rest_route=\/wp\/v2\/users\/1"}],"replies":[{"embeddable":true,"href":"https:\/\/gobernacionaltaverapaz.gob.gt\/index.php?rest_route=%2Fwp%2Fv2%2Fcomments&post=24776"}],"version-history":[{"count":2,"href":"https:\/\/gobernacionaltaverapaz.gob.gt\/index.php?rest_route=\/wp\/v2\/posts\/24776\/revisions"}],"predecessor-version":[{"id":24778,"href":"https:\/\/gobernacionaltaverapaz.gob.gt\/index.php?rest_route=\/wp\/v2\/posts\/24776\/revisions\/24778"}],"wp:featuredmedia":[{"embeddable":true,"href":"https:\/\/gobernacionaltaverapaz.gob.gt\/index.php?rest_route=\/wp\/v2\/media\/24772"}],"wp:attachment":[{"href":"https:\/\/gobernacionaltaverapaz.gob.gt\/index.php?rest_route=%2Fwp%2Fv2%2Fmedia&parent=24776"}],"wp:term":[{"taxonomy":"category","embeddable":true,"href":"https:\/\/gobernacionaltaverapaz.gob.gt\/index.php?rest_route=%2Fwp%2Fv2%2Fcategories&post=24776"},{"taxonomy":"post_tag","embeddable":true,"href":"https:\/\/gobernacionaltaverapaz.gob.gt\/index.php?rest_route=%2Fwp%2Fv2%2Ftags&post=24776"}],"curies":[{"name":"wp","href":"https:\/\/api.w.org\/{rel}","templated":true}]}}