{"id":24788,"date":"2026-02-16T18:59:35","date_gmt":"2026-02-17T00:59:35","guid":{"rendered":"https:\/\/gobernacionaltaverapaz.gob.gt\/?p=24788"},"modified":"2026-03-09T16:02:39","modified_gmt":"2026-03-09T22:02:39","slug":"visita-de-representantes-de-world-vision-guatemala-y-del-liderazgo-global-del-sector-wash","status":"publish","type":"post","link":"https:\/\/gobernacionaltaverapaz.gob.gt\/?p=24788","title":{"rendered":"Visita de representantes de World Vision Guatemala y del liderazgo global del sector WASH"},"content":{"rendered":"<div class=\"xdj266r x14z9mp xat24cr x1lziwak x1vvkbs x126k92a\">\n<div dir=\"auto\" style=\"text-align: justify;\">La Gobernaci\u00f3n Departamental de Alta Verapaz recibi\u00f3 la visita de representantes de World Vision Guatemala y del liderazgo global del sector WASH, en una reuni\u00f3n de trabajo orientada a fortalecer la coordinaci\u00f3n y el intercambio de experiencias sobre agua, saneamiento e higiene. La jornada fue presidida por la Gobernadora Departamental, Dilia Margarita C\u00f3 Coy, quien comparti\u00f3 el contexto territorial y las principales din\u00e1micas sociales del departamento.<\/div>\n<\/div>\n<div class=\"x14z9mp xat24cr x1lziwak x1vvkbs xtlvy1s x126k92a\">\n<div dir=\"auto\" style=\"text-align: justify;\">La mesa principal estuvo integrada por Parvin NGala, Directora Global de WASH; Luisa Ralda, Gerente Nacional de WASH; y Miguel Guti\u00e9rrez, Coordinador Regional de WASH de World Vision. Esta visita estrat\u00e9gica reafirma la importancia del trabajo articulado entre instituciones y cooperantes para impulsar acciones sostenibles que contribuyan al bienestar y desarrollo de las comunidades de Alta Verapaz.<\/div>\n<\/div>\n<p>&nbsp;<\/p>\n<p>&nbsp;<\/p>\n<p>&nbsp;<\/p>\n<div><\/div>\n","protected":false},"excerpt":{"rendered":"<p>La Gobernaci\u00f3n Departamental de Alta Verapaz recibi\u00f3 la visita de representantes de World Vision Guatemala y del liderazgo global del sector WASH, en una reuni\u00f3n de trabajo orientada a fortalecer la coordinaci\u00f3n y el intercambio de experiencias sobre agua, saneamiento e higiene. La jornada fue presidida por la Gobernadora Departamental, Dilia Margarita C\u00f3 Coy, quien [&hellip;]<\/p>\n","protected":false},"author":1,"featured_media":24779,"comment_status":"closed","ping_status":"open","sticky":false,"template":"","format":"gallery","meta":[],"categories":[183,214],"tags":[178],"_links":{"self":[{"href":"https:\/\/gobernacionaltaverapaz.gob.gt\/index.php?rest_route=\/wp\/v2\/posts\/24788"}],"collection":[{"href":"https:\/\/gobernacionaltaverapaz.gob.gt\/index.php?rest_route=\/wp\/v2\/posts"}],"about":[{"href":"https:\/\/gobernacionaltaverapaz.gob.gt\/index.php?rest_route=\/wp\/v2\/types\/post"}],"author":[{"embeddable":true,"href":"https:\/\/gobernacionaltaverapaz.gob.gt\/index.php?rest_route=\/wp\/v2\/users\/1"}],"replies":[{"embeddable":true,"href":"https:\/\/gobernacionaltaverapaz.gob.gt\/index.php?rest_route=%2Fwp%2Fv2%2Fcomments&post=24788"}],"version-history":[{"count":1,"href":"https:\/\/gobernacionaltaverapaz.gob.gt\/index.php?rest_route=\/wp\/v2\/posts\/24788\/revisions"}],"predecessor-version":[{"id":24789,"href":"https:\/\/gobernacionaltaverapaz.gob.gt\/index.php?rest_route=\/wp\/v2\/posts\/24788\/revisions\/24789"}],"wp:featuredmedia":[{"embeddable":true,"href":"https:\/\/gobernacionaltaverapaz.gob.gt\/index.php?rest_route=\/wp\/v2\/media\/24779"}],"wp:attachment":[{"href":"https:\/\/gobernacionaltaverapaz.gob.gt\/index.php?rest_route=%2Fwp%2Fv2%2Fmedia&parent=24788"}],"wp:term":[{"taxonomy":"category","embeddable":true,"href":"https:\/\/gobernacionaltaverapaz.gob.gt\/index.php?rest_route=%2Fwp%2Fv2%2Fcategories&post=24788"},{"taxonomy":"post_tag","embeddable":true,"href":"https:\/\/gobernacionaltaverapaz.gob.gt\/index.php?rest_route=%2Fwp%2Fv2%2Ftags&post=24788"}],"curies":[{"name":"wp","href":"https:\/\/api.w.org\/{rel}","templated":true}]}}