{"id":24922,"date":"2026-02-24T15:42:28","date_gmt":"2026-02-24T21:42:28","guid":{"rendered":"https:\/\/gobernacionaltaverapaz.gob.gt\/?p=24922"},"modified":"2026-03-10T15:08:01","modified_gmt":"2026-03-10T21:08:01","slug":"simulacro-nacional-por-sismos-2026-alta-verapaz","status":"publish","type":"post","link":"https:\/\/gobernacionaltaverapaz.gob.gt\/?p=24922","title":{"rendered":"Simulacro Nacional por Sismos 2026 | Alta Verapaz"},"content":{"rendered":"<div class=\"x14z9mp xat24cr x1lziwak x1vvkbs xtlvy1s x126k92a\">\n<div dir=\"auto\" style=\"text-align: justify;\">La Gobernaci\u00f3n Departamental de Alta Verapaz reconoce y agradece el compromiso de las instituciones que integran el sistema, as\u00ed como de las municipalidades del departamento, por sumarse activamente al Simulacro Nacional por Sismos 2026.<\/div>\n<\/div>\n<div class=\"x14z9mp xat24cr x1lziwak x1vvkbs xtlvy1s x126k92a\" style=\"text-align: justify;\">\n<div dir=\"auto\">El ejercicio permiti\u00f3 fortalecer la coordinaci\u00f3n interinstitucional, validar protocolos de respuesta y evaluar capacidades operativas ante situaciones de emergencia.<\/div>\n<\/div>\n<div class=\"x14z9mp xat24cr x1lziwak x1vvkbs xtlvy1s x126k92a\">\n<div dir=\"auto\" style=\"text-align: justify;\">Su participaci\u00f3n reafirma el compromiso conjunto con la prevenci\u00f3n, la preparaci\u00f3n y la protecci\u00f3n de la poblaci\u00f3n de Alta Verapaz.<\/div>\n<\/div>\n<p>&nbsp;<\/p>\n<div><\/div>\n","protected":false},"excerpt":{"rendered":"<p>La Gobernaci\u00f3n Departamental de Alta Verapaz reconoce y agradece el compromiso de las instituciones que integran el sistema, as\u00ed como de las municipalidades del departamento, por sumarse activamente al Simulacro Nacional por Sismos 2026. El ejercicio permiti\u00f3 fortalecer la coordinaci\u00f3n interinstitucional, validar protocolos de respuesta y evaluar capacidades operativas ante situaciones de emergencia. Su participaci\u00f3n [&hellip;]<\/p>\n","protected":false},"author":1,"featured_media":24913,"comment_status":"closed","ping_status":"open","sticky":false,"template":"","format":"gallery","meta":[],"categories":[183,214],"tags":[178],"_links":{"self":[{"href":"https:\/\/gobernacionaltaverapaz.gob.gt\/index.php?rest_route=\/wp\/v2\/posts\/24922"}],"collection":[{"href":"https:\/\/gobernacionaltaverapaz.gob.gt\/index.php?rest_route=\/wp\/v2\/posts"}],"about":[{"href":"https:\/\/gobernacionaltaverapaz.gob.gt\/index.php?rest_route=\/wp\/v2\/types\/post"}],"author":[{"embeddable":true,"href":"https:\/\/gobernacionaltaverapaz.gob.gt\/index.php?rest_route=\/wp\/v2\/users\/1"}],"replies":[{"embeddable":true,"href":"https:\/\/gobernacionaltaverapaz.gob.gt\/index.php?rest_route=%2Fwp%2Fv2%2Fcomments&post=24922"}],"version-history":[{"count":1,"href":"https:\/\/gobernacionaltaverapaz.gob.gt\/index.php?rest_route=\/wp\/v2\/posts\/24922\/revisions"}],"predecessor-version":[{"id":24923,"href":"https:\/\/gobernacionaltaverapaz.gob.gt\/index.php?rest_route=\/wp\/v2\/posts\/24922\/revisions\/24923"}],"wp:featuredmedia":[{"embeddable":true,"href":"https:\/\/gobernacionaltaverapaz.gob.gt\/index.php?rest_route=\/wp\/v2\/media\/24913"}],"wp:attachment":[{"href":"https:\/\/gobernacionaltaverapaz.gob.gt\/index.php?rest_route=%2Fwp%2Fv2%2Fmedia&parent=24922"}],"wp:term":[{"taxonomy":"category","embeddable":true,"href":"https:\/\/gobernacionaltaverapaz.gob.gt\/index.php?rest_route=%2Fwp%2Fv2%2Fcategories&post=24922"},{"taxonomy":"post_tag","embeddable":true,"href":"https:\/\/gobernacionaltaverapaz.gob.gt\/index.php?rest_route=%2Fwp%2Fv2%2Ftags&post=24922"}],"curies":[{"name":"wp","href":"https:\/\/api.w.org\/{rel}","templated":true}]}}