{"id":24975,"date":"2026-03-02T15:31:41","date_gmt":"2026-03-02T21:31:41","guid":{"rendered":"https:\/\/gobernacionaltaverapaz.gob.gt\/?p=24975"},"modified":"2026-03-11T09:47:22","modified_gmt":"2026-03-11T15:47:22","slug":"inauguracion-del-proyecto-reposicion-escuela-primaria-aldea-chicoban-tucuru","status":"publish","type":"post","link":"https:\/\/gobernacionaltaverapaz.gob.gt\/?p=24975","title":{"rendered":"Inauguraci\u00f3n del proyecto Reposici\u00f3n Escuela Primaria Aldea Chicoban, Tucur\u00fa"},"content":{"rendered":"<div class=\"xdj266r x14z9mp xat24cr x1lziwak x1vvkbs x126k92a\">\n<div dir=\"auto\" style=\"text-align: justify;\">En su calidad de Presidenta del Consejo Departamental de Desarrollo, la Gobernadora Departamental de Alta Verapaz, Dilia Margarita C\u00f3 Coy, particip\u00f3 en la inauguraci\u00f3n del proyecto \u201cReposici\u00f3n Escuela Primaria Aldea Chicoban, Tucur\u00fa, Alta Verapaz\u201d, ejecutado a trav\u00e9s del Sistema de Consejos de Desarrollo.<\/div>\n<\/div>\n<div class=\"x14z9mp xat24cr x1lziwak x1vvkbs xtlvy1s x126k92a\" style=\"text-align: justify;\">\n<div dir=\"auto\">La obra incluye la construcci\u00f3n de 12 aulas para nivel primario, laboratorio de computaci\u00f3n, cocina, servicios sanitarios, parque con p\u00e9rgolas e iluminaci\u00f3n, cancha polideportiva, muro perimetral, rampa de acceso, equipamiento escolar y sistemas de seguridad conforme normativa CONRED, fortaleciendo as\u00ed las condiciones de infraestructura educativa en la comunidad.<\/div>\n<\/div>\n<div class=\"x14z9mp xat24cr x1lziwak x1vvkbs xtlvy1s x126k92a\" style=\"text-align: justify;\">\n<div dir=\"auto\">El proyecto beneficiar\u00e1 directamente a 325 estudiantes de la Aldea Chicoban, brindando espacios dignos, seguros y adecuados para el proceso de ense\u00f1anza-aprendizaje, contribuyendo a reducir la deserci\u00f3n escolar y mejorar la calidad educativa en el \u00e1rea rural del municipio de Tucur\u00fa.<\/div>\n<\/div>\n<div class=\"x14z9mp xat24cr x1lziwak x1vvkbs xtlvy1s x126k92a\">\n<div dir=\"auto\" style=\"text-align: justify;\">Al pueblo digno se le responde<\/div>\n<\/div>\n<p>&nbsp;<\/p>\n<p>&nbsp;<\/p>\n<div><\/div>\n<p>&nbsp;<\/p>\n","protected":false},"excerpt":{"rendered":"<p>En su calidad de Presidenta del Consejo Departamental de Desarrollo, la Gobernadora Departamental de Alta Verapaz, Dilia Margarita C\u00f3 Coy, particip\u00f3 en la inauguraci\u00f3n del proyecto \u201cReposici\u00f3n Escuela Primaria Aldea Chicoban, Tucur\u00fa, Alta Verapaz\u201d, ejecutado a trav\u00e9s del Sistema de Consejos de Desarrollo. La obra incluye la construcci\u00f3n de 12 aulas para nivel primario, laboratorio [&hellip;]<\/p>\n","protected":false},"author":1,"featured_media":24969,"comment_status":"closed","ping_status":"open","sticky":false,"template":"","format":"gallery","meta":[],"categories":[214,195],"tags":[178],"_links":{"self":[{"href":"https:\/\/gobernacionaltaverapaz.gob.gt\/index.php?rest_route=\/wp\/v2\/posts\/24975"}],"collection":[{"href":"https:\/\/gobernacionaltaverapaz.gob.gt\/index.php?rest_route=\/wp\/v2\/posts"}],"about":[{"href":"https:\/\/gobernacionaltaverapaz.gob.gt\/index.php?rest_route=\/wp\/v2\/types\/post"}],"author":[{"embeddable":true,"href":"https:\/\/gobernacionaltaverapaz.gob.gt\/index.php?rest_route=\/wp\/v2\/users\/1"}],"replies":[{"embeddable":true,"href":"https:\/\/gobernacionaltaverapaz.gob.gt\/index.php?rest_route=%2Fwp%2Fv2%2Fcomments&post=24975"}],"version-history":[{"count":1,"href":"https:\/\/gobernacionaltaverapaz.gob.gt\/index.php?rest_route=\/wp\/v2\/posts\/24975\/revisions"}],"predecessor-version":[{"id":24976,"href":"https:\/\/gobernacionaltaverapaz.gob.gt\/index.php?rest_route=\/wp\/v2\/posts\/24975\/revisions\/24976"}],"wp:featuredmedia":[{"embeddable":true,"href":"https:\/\/gobernacionaltaverapaz.gob.gt\/index.php?rest_route=\/wp\/v2\/media\/24969"}],"wp:attachment":[{"href":"https:\/\/gobernacionaltaverapaz.gob.gt\/index.php?rest_route=%2Fwp%2Fv2%2Fmedia&parent=24975"}],"wp:term":[{"taxonomy":"category","embeddable":true,"href":"https:\/\/gobernacionaltaverapaz.gob.gt\/index.php?rest_route=%2Fwp%2Fv2%2Fcategories&post=24975"},{"taxonomy":"post_tag","embeddable":true,"href":"https:\/\/gobernacionaltaverapaz.gob.gt\/index.php?rest_route=%2Fwp%2Fv2%2Ftags&post=24975"}],"curies":[{"name":"wp","href":"https:\/\/api.w.org\/{rel}","templated":true}]}}