{"id":24984,"date":"2026-03-04T06:00:57","date_gmt":"2026-03-04T12:00:57","guid":{"rendered":"https:\/\/gobernacionaltaverapaz.gob.gt\/?p=24984"},"modified":"2026-03-11T10:01:57","modified_gmt":"2026-03-11T16:01:57","slug":"lanzamiento-de-la-orquesta-sinfonica-juvenil-femenina-y-el-coro-alaide-foppa","status":"publish","type":"post","link":"https:\/\/gobernacionaltaverapaz.gob.gt\/?p=24984","title":{"rendered":"Lanzamiento de la Orquesta Sinf\u00f3nica Juvenil Femenina y el Coro Ala\u00edde Foppa"},"content":{"rendered":"<div class=\"xdj266r x14z9mp xat24cr x1lziwak x1vvkbs x126k92a\">\n<div dir=\"auto\" style=\"text-align: justify;\">Lanzamiento de la Orquesta Sinf\u00f3nica Juvenil Femenina y el Coro Ala\u00edde Foppa, una iniciativa que promueve el arte, la cultura y el desarrollo del talento juvenil en el departamento.<\/div>\n<\/div>\n<div class=\"x14z9mp xat24cr x1lziwak x1vvkbs xtlvy1s x126k92a\" style=\"text-align: justify;\">\n<div dir=\"auto\">,A trav\u00e9s de la formaci\u00f3n art\u00edstica, contribuyen al fortalecimiento de la convivencia pac\u00edfica y la construcci\u00f3n de oportunidades para la juventud.<\/div>\n<\/div>\n<div class=\"x14z9mp xat24cr x1lziwak x1vvkbs xtlvy1s x126k92a\">\n<div dir=\"auto\" style=\"text-align: justify;\">La actividad se desarroll\u00f3 en el Parque Deportivo y Recreativo de La Paz, con la participaci\u00f3n de instituciones y p\u00fablico que respaldan las expresiones culturales como parte del desarrollo social en Alta Verapaz.<\/div>\n<\/div>\n<p>&nbsp;<\/p>\n<p>&nbsp;<\/p>\n<div><\/div>\n<div><\/div>\n<div><\/div>\n","protected":false},"excerpt":{"rendered":"<p>Lanzamiento de la Orquesta Sinf\u00f3nica Juvenil Femenina y el Coro Ala\u00edde Foppa, una iniciativa que promueve el arte, la cultura y el desarrollo del talento juvenil en el departamento. ,A trav\u00e9s de la formaci\u00f3n art\u00edstica, contribuyen al fortalecimiento de la convivencia pac\u00edfica y la construcci\u00f3n de oportunidades para la juventud. La actividad se desarroll\u00f3 en [&hellip;]<\/p>\n","protected":false},"author":1,"featured_media":24977,"comment_status":"closed","ping_status":"open","sticky":false,"template":"","format":"gallery","meta":[],"categories":[183,214],"tags":[178],"_links":{"self":[{"href":"https:\/\/gobernacionaltaverapaz.gob.gt\/index.php?rest_route=\/wp\/v2\/posts\/24984"}],"collection":[{"href":"https:\/\/gobernacionaltaverapaz.gob.gt\/index.php?rest_route=\/wp\/v2\/posts"}],"about":[{"href":"https:\/\/gobernacionaltaverapaz.gob.gt\/index.php?rest_route=\/wp\/v2\/types\/post"}],"author":[{"embeddable":true,"href":"https:\/\/gobernacionaltaverapaz.gob.gt\/index.php?rest_route=\/wp\/v2\/users\/1"}],"replies":[{"embeddable":true,"href":"https:\/\/gobernacionaltaverapaz.gob.gt\/index.php?rest_route=%2Fwp%2Fv2%2Fcomments&post=24984"}],"version-history":[{"count":1,"href":"https:\/\/gobernacionaltaverapaz.gob.gt\/index.php?rest_route=\/wp\/v2\/posts\/24984\/revisions"}],"predecessor-version":[{"id":24985,"href":"https:\/\/gobernacionaltaverapaz.gob.gt\/index.php?rest_route=\/wp\/v2\/posts\/24984\/revisions\/24985"}],"wp:featuredmedia":[{"embeddable":true,"href":"https:\/\/gobernacionaltaverapaz.gob.gt\/index.php?rest_route=\/wp\/v2\/media\/24977"}],"wp:attachment":[{"href":"https:\/\/gobernacionaltaverapaz.gob.gt\/index.php?rest_route=%2Fwp%2Fv2%2Fmedia&parent=24984"}],"wp:term":[{"taxonomy":"category","embeddable":true,"href":"https:\/\/gobernacionaltaverapaz.gob.gt\/index.php?rest_route=%2Fwp%2Fv2%2Fcategories&post=24984"},{"taxonomy":"post_tag","embeddable":true,"href":"https:\/\/gobernacionaltaverapaz.gob.gt\/index.php?rest_route=%2Fwp%2Fv2%2Ftags&post=24984"}],"curies":[{"name":"wp","href":"https:\/\/api.w.org\/{rel}","templated":true}]}}