{"id":25174,"date":"2026-04-07T20:11:30","date_gmt":"2026-04-08T02:11:30","guid":{"rendered":"https:\/\/gobernacionaltaverapaz.gob.gt\/?p=25174"},"modified":"2026-04-22T16:09:41","modified_gmt":"2026-04-22T22:09:41","slug":"inauguran-comedor-social-en-chisec-para-fortalecer-la-seguridad-alimentaria","status":"publish","type":"post","link":"https:\/\/gobernacionaltaverapaz.gob.gt\/?p=25174","title":{"rendered":"Inauguran Comedor Social en Chisec para fortalecer la seguridad alimentaria"},"content":{"rendered":"<div class=\"xdj266r x14z9mp xat24cr x1lziwak x1vvkbs x126k92a\">\n<div dir=\"auto\" style=\"text-align: justify;\">Como parte de las acciones orientadas a fortalecer la seguridad alimentaria en el departamento, la Gobernaci\u00f3n Departamental de Alta Verapaz acompa\u00f1\u00f3 la inauguraci\u00f3n del Comedor Social en el municipio de Chisec.<\/div>\n<\/div>\n<div class=\"x14z9mp xat24cr x1lziwak x1vvkbs xtlvy1s x126k92a\" style=\"text-align: justify;\">\n<div dir=\"auto\">Esta iniciativa, impulsada en coordinaci\u00f3n con el <span class=\"html-span xdj266r x14z9mp xat24cr x1lziwak xexx8yu xyri2b x18d9i69 x1c1uobl x1hl2dhg x16tdsg8 x1vvkbs\"><a class=\"x1i10hfl xjbqb8w x1ejq31n x18oe1m7 x1sy0etr xstzfhl x972fbf x10w94by x1qhh985 x14e42zd x9f619 x1ypdohk xt0psk2 x3ct3a4 xdj266r x14z9mp xat24cr x1lziwak xexx8yu xyri2b x18d9i69 x1c1uobl x16tdsg8 x1hl2dhg xggy1nq x1a2a7pz xkrqix3 x1sur9pj x1fey0fg x1s688f\" tabindex=\"0\" role=\"link\" href=\"https:\/\/www.facebook.com\/MidesGuatemala?__cft__[0]=AZYTjhsiDKFk21FhM-Iu_LdKYk6-TmAjluTldw-ybyuYIQiFevTokBjQXkscxorImBKytShr1rY98ZghAqKmIPJ3ZWCv-QRg9svYWXOVa2tmzZqer3n6gS2zeDV35RbMTAIza8trXcq41kgJ5RqqT4ee&amp;__tn__=-]K-R\" target=\"_blank\" rel=\"noopener\"><span class=\"xt0psk2\"><span class=\"xjp7ctv\">Mides Guatemala<\/span><\/span><\/a><\/span> y autoridades locales, para brindar atenci\u00f3n alimentaria a poblaci\u00f3n en situaci\u00f3n de vulnerabilidad, priorizando a ni\u00f1as, ni\u00f1os, personas adultas mayores y familias de escasos recursos.<\/div>\n<\/div>\n<div class=\"x14z9mp xat24cr x1lziwak x1vvkbs xtlvy1s x126k92a\">\n<div dir=\"auto\" style=\"text-align: justify;\">La Gobernadora Departamental, Dilia Margarita C\u00f3 Coy, destac\u00f3 la importancia de continuar articulando esfuerzos interinstitucionales que permitan acercar programas sociales a los territorios.<\/div>\n<div dir=\"auto\">\n<div><\/div>\n<\/div>\n<\/div>\n","protected":false},"excerpt":{"rendered":"<p>Como parte de las acciones orientadas a fortalecer la seguridad alimentaria en el departamento, la Gobernaci\u00f3n Departamental de Alta Verapaz acompa\u00f1\u00f3 la inauguraci\u00f3n del Comedor Social en el municipio de Chisec. Esta iniciativa, impulsada en coordinaci\u00f3n con el Mides Guatemala y autoridades locales, para brindar atenci\u00f3n alimentaria a poblaci\u00f3n en situaci\u00f3n de vulnerabilidad, priorizando a [&hellip;]<\/p>\n","protected":false},"author":1,"featured_media":25162,"comment_status":"closed","ping_status":"open","sticky":false,"template":"","format":"gallery","meta":[],"categories":[202],"tags":[178],"_links":{"self":[{"href":"https:\/\/gobernacionaltaverapaz.gob.gt\/index.php?rest_route=\/wp\/v2\/posts\/25174"}],"collection":[{"href":"https:\/\/gobernacionaltaverapaz.gob.gt\/index.php?rest_route=\/wp\/v2\/posts"}],"about":[{"href":"https:\/\/gobernacionaltaverapaz.gob.gt\/index.php?rest_route=\/wp\/v2\/types\/post"}],"author":[{"embeddable":true,"href":"https:\/\/gobernacionaltaverapaz.gob.gt\/index.php?rest_route=\/wp\/v2\/users\/1"}],"replies":[{"embeddable":true,"href":"https:\/\/gobernacionaltaverapaz.gob.gt\/index.php?rest_route=%2Fwp%2Fv2%2Fcomments&post=25174"}],"version-history":[{"count":1,"href":"https:\/\/gobernacionaltaverapaz.gob.gt\/index.php?rest_route=\/wp\/v2\/posts\/25174\/revisions"}],"predecessor-version":[{"id":25175,"href":"https:\/\/gobernacionaltaverapaz.gob.gt\/index.php?rest_route=\/wp\/v2\/posts\/25174\/revisions\/25175"}],"wp:featuredmedia":[{"embeddable":true,"href":"https:\/\/gobernacionaltaverapaz.gob.gt\/index.php?rest_route=\/wp\/v2\/media\/25162"}],"wp:attachment":[{"href":"https:\/\/gobernacionaltaverapaz.gob.gt\/index.php?rest_route=%2Fwp%2Fv2%2Fmedia&parent=25174"}],"wp:term":[{"taxonomy":"category","embeddable":true,"href":"https:\/\/gobernacionaltaverapaz.gob.gt\/index.php?rest_route=%2Fwp%2Fv2%2Fcategories&post=25174"},{"taxonomy":"post_tag","embeddable":true,"href":"https:\/\/gobernacionaltaverapaz.gob.gt\/index.php?rest_route=%2Fwp%2Fv2%2Ftags&post=25174"}],"curies":[{"name":"wp","href":"https:\/\/api.w.org\/{rel}","templated":true}]}}