{"id":2845,"date":"2019-03-11T10:54:39","date_gmt":"2019-03-11T16:54:39","guid":{"rendered":"http:\/\/gobernacionaltaverapaz.gob.gt\/?p=2845"},"modified":"2019-04-05T15:16:34","modified_gmt":"2019-04-05T21:16:34","slug":"estado-de-situacin-actual-de-conflictividad-general-transporte-distribucin-de-energa-elctrica","status":"publish","type":"post","link":"https:\/\/gobernacionaltaverapaz.gob.gt\/?p=2845","title":{"rendered":"\u201cESTADO DE SITUACI\u00d3N ACTUAL DE CONFLICTIVIDAD GENERAL, TRANSPORTE Y DISTRIBUCI\u00d3N DE ENERG\u00cdA EL\u00c9CTRICA\u201d"},"content":{"rendered":"<p style=\"text-align: justify;\">El d\u00eda mi\u00e9rcoles 8 de agosto el Lic. Erik Nolberto Guerrero Milian, Gobernador Departamental; en compa\u00f1\u00eda de alcaldes de Chisec y Panz\u00f3s; y miembros de la Comisi\u00f3n Agraria Departamental -CAD-, participaron en la mesa de di\u00e1logo \u201cEstado de situaci\u00f3n actual de conflictividad general, transporte y distribuci\u00f3n de energ\u00eda el\u00e9ctrica\u201d en la ciudad capital.<\/p>\n<p style=\"text-align: justify;\"><img decoding=\"async\" loading=\"lazy\" class=\"alignnone wp-image-2847 \" src=\"http:\/\/gobernacionaltaverapaz.gob.gt\/wp-content\/uploads\/2019\/04\/001-2.jpg\" alt=\"\" width=\"347\" height=\"231\" srcset=\"https:\/\/gobernacionaltaverapaz.gob.gt\/wp-content\/uploads\/2019\/04\/001-2.jpg 900w, https:\/\/gobernacionaltaverapaz.gob.gt\/wp-content\/uploads\/2019\/04\/001-2-300x200.jpg 300w, https:\/\/gobernacionaltaverapaz.gob.gt\/wp-content\/uploads\/2019\/04\/001-2-768x512.jpg 768w\" sizes=\"(max-width: 347px) 100vw, 347px\" \/> <img decoding=\"async\" loading=\"lazy\" class=\"alignnone wp-image-2848 \" src=\"http:\/\/gobernacionaltaverapaz.gob.gt\/wp-content\/uploads\/2019\/04\/002-2.jpg\" alt=\"\" width=\"347\" height=\"231\" srcset=\"https:\/\/gobernacionaltaverapaz.gob.gt\/wp-content\/uploads\/2019\/04\/002-2.jpg 900w, https:\/\/gobernacionaltaverapaz.gob.gt\/wp-content\/uploads\/2019\/04\/002-2-300x200.jpg 300w, https:\/\/gobernacionaltaverapaz.gob.gt\/wp-content\/uploads\/2019\/04\/002-2-768x512.jpg 768w\" sizes=\"(max-width: 347px) 100vw, 347px\" \/><\/p>\n<p>En dicha actividad, se cont\u00f3 con la presencia del Vicepresidente de la Rep\u00fablica\u00a0Dr. Jafeth Cabrera Franco, Ministro de Energ\u00eda y Minas, Ministro de Ambiente y Recursos Naturales y Ministro de Gobernaci\u00f3n; tambi\u00e9n participaron empresas, como: AGER, TRECSA, EEGSA y ENERGUATE.<\/p>\n","protected":false},"excerpt":{"rendered":"<p>En dicha actividad, se cont\u00f3 con la presencia del Vicepresidente de la Rep\u00fablica Dr. Jafeth Cabrera Franco, Ministro de Energ\u00eda y Minas, Ministro de Ambiente y Recursos Naturales y Ministro de Gobernaci\u00f3n; tambi\u00e9n participaron empresas, como: AGER, TRECSA, EEGSA y ENERGUATE.<\/p>\n","protected":false},"author":1,"featured_media":2846,"comment_status":"closed","ping_status":"open","sticky":false,"template":"","format":"standard","meta":[],"categories":[199],"tags":[178],"_links":{"self":[{"href":"https:\/\/gobernacionaltaverapaz.gob.gt\/index.php?rest_route=\/wp\/v2\/posts\/2845"}],"collection":[{"href":"https:\/\/gobernacionaltaverapaz.gob.gt\/index.php?rest_route=\/wp\/v2\/posts"}],"about":[{"href":"https:\/\/gobernacionaltaverapaz.gob.gt\/index.php?rest_route=\/wp\/v2\/types\/post"}],"author":[{"embeddable":true,"href":"https:\/\/gobernacionaltaverapaz.gob.gt\/index.php?rest_route=\/wp\/v2\/users\/1"}],"replies":[{"embeddable":true,"href":"https:\/\/gobernacionaltaverapaz.gob.gt\/index.php?rest_route=%2Fwp%2Fv2%2Fcomments&post=2845"}],"version-history":[{"count":11,"href":"https:\/\/gobernacionaltaverapaz.gob.gt\/index.php?rest_route=\/wp\/v2\/posts\/2845\/revisions"}],"predecessor-version":[{"id":2865,"href":"https:\/\/gobernacionaltaverapaz.gob.gt\/index.php?rest_route=\/wp\/v2\/posts\/2845\/revisions\/2865"}],"wp:featuredmedia":[{"embeddable":true,"href":"https:\/\/gobernacionaltaverapaz.gob.gt\/index.php?rest_route=\/wp\/v2\/media\/2846"}],"wp:attachment":[{"href":"https:\/\/gobernacionaltaverapaz.gob.gt\/index.php?rest_route=%2Fwp%2Fv2%2Fmedia&parent=2845"}],"wp:term":[{"taxonomy":"category","embeddable":true,"href":"https:\/\/gobernacionaltaverapaz.gob.gt\/index.php?rest_route=%2Fwp%2Fv2%2Fcategories&post=2845"},{"taxonomy":"post_tag","embeddable":true,"href":"https:\/\/gobernacionaltaverapaz.gob.gt\/index.php?rest_route=%2Fwp%2Fv2%2Ftags&post=2845"}],"curies":[{"name":"wp","href":"https:\/\/api.w.org\/{rel}","templated":true}]}}