{"id":2871,"date":"2018-08-07T08:11:32","date_gmt":"2018-08-07T14:11:32","guid":{"rendered":"http:\/\/gobernacionaltaverapaz.gob.gt\/?p=2871"},"modified":"2019-06-04T14:34:33","modified_gmt":"2019-06-04T20:34:33","slug":"capacitacin-educando-en-familia","status":"publish","type":"post","link":"https:\/\/gobernacionaltaverapaz.gob.gt\/?p=2871","title":{"rendered":"CAPACITACI\u00d3N \u201cEDUCANDO EN FAMILIA\u201d"},"content":{"rendered":"<p style=\"text-align: justify;\">El d\u00eda viernes 03 de agosto, la Secretaria de Bienestar Social -SBS- en Alta Verapaz realiz\u00f3 importante capacitaci\u00f3n denominada: \u201cEducando en Familia\u201d; la cual convoc\u00f3 a los 17 municipios del departamento representados a trav\u00e9s de la oficina de la mujer y oficina de la ni\u00f1ez.<\/p>\n<p style=\"text-align: justify;\">El Lic.\u00a0<a href=\"https:\/\/www.facebook.com\/ERIK-Nolberto-Guerrero-Milian-161720620632653\/?fref=mentions&amp;__xts__%5B0%5D=68.ARCdSWG35wgLdXzmTg5EchcmSK5ZvIiEGOMTRGiJtTwWhyMQ1g9nF3gaM1Airw0zYX3er5uaFfCZqhmXmwubKl8ccHOsJHhIC5thrisTi1emdJWnwj2pvw-Nw_Zn1Ah_Uia5oMtE2D9K75u5U42d7t8GgEPOoSWx1kNrgiqXPyowKhXTC9VU&amp;__tn__=K-R\" target=\"_blank\" rel=\"noopener\">ERIK Nolberto Guerrero Milian<\/a>, Gobernador Departamental, incentivo a seguir fortaleciendo estos temas de vital importancia, as\u00ed mismo manifest\u00f3 el apoyo y acompa\u00f1amiento a estas dependencias del estado.<\/p>\n<div style=\"text-align: justify;\"><\/div>\n","protected":false},"excerpt":{"rendered":"<p>Gobernador Departamental, incentivo a seguir fortaleciendo estos temas de vital importancia, as\u00ed mismo manifest\u00f3 el apoyo y acompa\u00f1amiento a estas dependencias del estado.<\/p>\n","protected":false},"author":1,"featured_media":2872,"comment_status":"closed","ping_status":"open","sticky":false,"template":"","format":"gallery","meta":[],"categories":[2,199],"tags":[178],"_links":{"self":[{"href":"https:\/\/gobernacionaltaverapaz.gob.gt\/index.php?rest_route=\/wp\/v2\/posts\/2871"}],"collection":[{"href":"https:\/\/gobernacionaltaverapaz.gob.gt\/index.php?rest_route=\/wp\/v2\/posts"}],"about":[{"href":"https:\/\/gobernacionaltaverapaz.gob.gt\/index.php?rest_route=\/wp\/v2\/types\/post"}],"author":[{"embeddable":true,"href":"https:\/\/gobernacionaltaverapaz.gob.gt\/index.php?rest_route=\/wp\/v2\/users\/1"}],"replies":[{"embeddable":true,"href":"https:\/\/gobernacionaltaverapaz.gob.gt\/index.php?rest_route=%2Fwp%2Fv2%2Fcomments&post=2871"}],"version-history":[{"count":3,"href":"https:\/\/gobernacionaltaverapaz.gob.gt\/index.php?rest_route=\/wp\/v2\/posts\/2871\/revisions"}],"predecessor-version":[{"id":2887,"href":"https:\/\/gobernacionaltaverapaz.gob.gt\/index.php?rest_route=\/wp\/v2\/posts\/2871\/revisions\/2887"}],"wp:featuredmedia":[{"embeddable":true,"href":"https:\/\/gobernacionaltaverapaz.gob.gt\/index.php?rest_route=\/wp\/v2\/media\/2872"}],"wp:attachment":[{"href":"https:\/\/gobernacionaltaverapaz.gob.gt\/index.php?rest_route=%2Fwp%2Fv2%2Fmedia&parent=2871"}],"wp:term":[{"taxonomy":"category","embeddable":true,"href":"https:\/\/gobernacionaltaverapaz.gob.gt\/index.php?rest_route=%2Fwp%2Fv2%2Fcategories&post=2871"},{"taxonomy":"post_tag","embeddable":true,"href":"https:\/\/gobernacionaltaverapaz.gob.gt\/index.php?rest_route=%2Fwp%2Fv2%2Ftags&post=2871"}],"curies":[{"name":"wp","href":"https:\/\/api.w.org\/{rel}","templated":true}]}}