{"id":2939,"date":"2018-07-30T16:56:29","date_gmt":"2018-07-30T22:56:29","guid":{"rendered":"http:\/\/gobernacionaltaverapaz.gob.gt\/?p=2939"},"modified":"2019-06-04T15:05:27","modified_gmt":"2019-06-04T21:05:27","slug":"reunin-del-consejo-departamental-de-seguridad","status":"publish","type":"post","link":"https:\/\/gobernacionaltaverapaz.gob.gt\/?p=2939","title":{"rendered":"REUNI\u00d3N DEL CONSEJO DEPARTAMENTAL DE SEGURIDAD"},"content":{"rendered":"<p style=\"text-align: justify;\">En una reuni\u00f3n sostenida el d\u00eda de hoy en el sal\u00f3n de sesiones de Gobernaci\u00f3n Departamental, el Lic. Erik Nolberto Guerrero Milian, Gobernador Departamental abord\u00f3 el tema de seguridad p\u00fablica y ciudadana con miembros del Consejo Departamental de Seguridad.<\/p>\n<p style=\"text-align: justify;\">\nDurante la reuni\u00f3n se dieron a conocer los indicadores de violencia sobre los cuales versa el trabajo de la comisar\u00eda 51\u00aa. De Polic\u00eda Nacional Civil que tiene jurisdicci\u00f3n en el territorio de Alta Verapaz.<\/p>\n<p style=\"text-align: justify;\">\nEl se\u00f1or Gobernador manifest\u00f3 acerca de la labor que realizan las distintas instituciones en el tema de seguridad, adem\u00e1s hizo \u00e9nfasis en el fortalecimiento a las acciones de despistolizaci\u00f3n y del aumento del patrullaje motorizado en el departamento \u201ces importante trabajar en la construcci\u00f3n de un patr\u00f3n de conducta y de personas, para que al momento de que se cometa un il\u00edcito tengamos l\u00edneas de acci\u00f3n para trabajar\u201d, Concluy\u00f3.<\/p>\n<p style=\"text-align: justify;\">\nDurante los pr\u00f3ximos d\u00edas en la cabecera departamental de Alta Verapaz, se estar\u00e1n aumentando los cordones de seguridad y se estar\u00e1n implementando ordenes de servicio policial con motivo de la Feria Departamental, en el que se han suspendido los descansos de los elementos policiales con el objetivo de fortalecer el estado de fuerza y que se pueda brindar la seguridad pertinente a la poblaci\u00f3n.<\/p>\n<p>&nbsp;<\/p>\n<div><\/div>\n","protected":false},"excerpt":{"rendered":"<p>El se\u00f1or Gobernador manifest\u00f3 acerca de la labor que realizan las distintas instituciones en el tema de seguridad, adem\u00e1s hizo \u00e9nfasis en el fortalecimiento a las acciones de despistolizaci\u00f3n y del aumento del patrullaje motorizado en el departamento.<\/p>\n","protected":false},"author":1,"featured_media":2936,"comment_status":"closed","ping_status":"open","sticky":false,"template":"","format":"gallery","meta":[],"categories":[199],"tags":[],"_links":{"self":[{"href":"https:\/\/gobernacionaltaverapaz.gob.gt\/index.php?rest_route=\/wp\/v2\/posts\/2939"}],"collection":[{"href":"https:\/\/gobernacionaltaverapaz.gob.gt\/index.php?rest_route=\/wp\/v2\/posts"}],"about":[{"href":"https:\/\/gobernacionaltaverapaz.gob.gt\/index.php?rest_route=\/wp\/v2\/types\/post"}],"author":[{"embeddable":true,"href":"https:\/\/gobernacionaltaverapaz.gob.gt\/index.php?rest_route=\/wp\/v2\/users\/1"}],"replies":[{"embeddable":true,"href":"https:\/\/gobernacionaltaverapaz.gob.gt\/index.php?rest_route=%2Fwp%2Fv2%2Fcomments&post=2939"}],"version-history":[{"count":4,"href":"https:\/\/gobernacionaltaverapaz.gob.gt\/index.php?rest_route=\/wp\/v2\/posts\/2939\/revisions"}],"predecessor-version":[{"id":5531,"href":"https:\/\/gobernacionaltaverapaz.gob.gt\/index.php?rest_route=\/wp\/v2\/posts\/2939\/revisions\/5531"}],"wp:featuredmedia":[{"embeddable":true,"href":"https:\/\/gobernacionaltaverapaz.gob.gt\/index.php?rest_route=\/wp\/v2\/media\/2936"}],"wp:attachment":[{"href":"https:\/\/gobernacionaltaverapaz.gob.gt\/index.php?rest_route=%2Fwp%2Fv2%2Fmedia&parent=2939"}],"wp:term":[{"taxonomy":"category","embeddable":true,"href":"https:\/\/gobernacionaltaverapaz.gob.gt\/index.php?rest_route=%2Fwp%2Fv2%2Fcategories&post=2939"},{"taxonomy":"post_tag","embeddable":true,"href":"https:\/\/gobernacionaltaverapaz.gob.gt\/index.php?rest_route=%2Fwp%2Fv2%2Ftags&post=2939"}],"curies":[{"name":"wp","href":"https:\/\/api.w.org\/{rel}","templated":true}]}}