{"id":2949,"date":"2018-07-05T12:07:55","date_gmt":"2018-07-05T18:07:55","guid":{"rendered":"http:\/\/gobernacionaltaverapaz.gob.gt\/?p=2949"},"modified":"2019-04-09T12:16:51","modified_gmt":"2019-04-09T18:16:51","slug":"ii-encuentro-nacional-de-observartorios-de-seguridad-ciudadana-prevencin-de-la-violencia-presentacin-pblica-del-modelo-de-observatorios-departamentales-de-seguridad-ciudadana-prevencin-de-la-violencia","status":"publish","type":"post","link":"https:\/\/gobernacionaltaverapaz.gob.gt\/?p=2949","title":{"rendered":"II ENCUENTRO NACIONAL DE OBSERVARTORIOS DE SEGURIDAD CIUDADANA Y PREVENCI\u00d3N DE LA VIOLENCIA: PRESENTACI\u00d3N P\u00daBLICA DEL MODELO DE OBSERVATORIOS DEPARTAMENTALES DE SEGURIDAD CIUDADANA Y PREVENCI\u00d3N DE LA VIOLENCIA"},"content":{"rendered":"<p style=\"text-align: justify;\">La Gobernadora Departamental de Alta Verapaz; Estela Adelina Ventura Fern\u00e1ndez, particip\u00f3 en el \u201cII Encuentro Nacional de Observatorios de Seguridad Ciudadana y Prevenci\u00f3n de la Violencia: Presentaci\u00f3n P\u00fablica del Modelo de Observatorios Departamentales de Seguridad Ciudadana y Prevenci\u00f3n de la Violencia\u201d.<br \/>\nLos observatorios de violencia y el delito, pr\u00f3ximamente se estar\u00e1n implementando en los departamentos, uno de los objetivos es que se constituyan como un espacio de referencia, para la toma de decisiones en materia de seguridad ciudadana a nivel departamental donde participar\u00e1n todos los actores del lugar.<\/p>\n","protected":false},"excerpt":{"rendered":"<p>Los observatorios de violencia y el delito, pr\u00f3ximamente se estar\u00e1n implementando en los departamentos, uno de los objetivos es que se constituyan como un espacio de referencia, para la toma de decisiones en materia de seguridad ciudadana a nivel departamental donde participar\u00e1n todos los actores del lugar.<\/p>\n","protected":false},"author":1,"featured_media":2950,"comment_status":"closed","ping_status":"open","sticky":false,"template":"","format":"standard","meta":[],"categories":[199],"tags":[],"_links":{"self":[{"href":"https:\/\/gobernacionaltaverapaz.gob.gt\/index.php?rest_route=\/wp\/v2\/posts\/2949"}],"collection":[{"href":"https:\/\/gobernacionaltaverapaz.gob.gt\/index.php?rest_route=\/wp\/v2\/posts"}],"about":[{"href":"https:\/\/gobernacionaltaverapaz.gob.gt\/index.php?rest_route=\/wp\/v2\/types\/post"}],"author":[{"embeddable":true,"href":"https:\/\/gobernacionaltaverapaz.gob.gt\/index.php?rest_route=\/wp\/v2\/users\/1"}],"replies":[{"embeddable":true,"href":"https:\/\/gobernacionaltaverapaz.gob.gt\/index.php?rest_route=%2Fwp%2Fv2%2Fcomments&post=2949"}],"version-history":[{"count":1,"href":"https:\/\/gobernacionaltaverapaz.gob.gt\/index.php?rest_route=\/wp\/v2\/posts\/2949\/revisions"}],"predecessor-version":[{"id":2951,"href":"https:\/\/gobernacionaltaverapaz.gob.gt\/index.php?rest_route=\/wp\/v2\/posts\/2949\/revisions\/2951"}],"wp:featuredmedia":[{"embeddable":true,"href":"https:\/\/gobernacionaltaverapaz.gob.gt\/index.php?rest_route=\/wp\/v2\/media\/2950"}],"wp:attachment":[{"href":"https:\/\/gobernacionaltaverapaz.gob.gt\/index.php?rest_route=%2Fwp%2Fv2%2Fmedia&parent=2949"}],"wp:term":[{"taxonomy":"category","embeddable":true,"href":"https:\/\/gobernacionaltaverapaz.gob.gt\/index.php?rest_route=%2Fwp%2Fv2%2Fcategories&post=2949"},{"taxonomy":"post_tag","embeddable":true,"href":"https:\/\/gobernacionaltaverapaz.gob.gt\/index.php?rest_route=%2Fwp%2Fv2%2Ftags&post=2949"}],"curies":[{"name":"wp","href":"https:\/\/api.w.org\/{rel}","templated":true}]}}