{"id":2952,"date":"2017-07-05T12:35:46","date_gmt":"2017-07-05T18:35:46","guid":{"rendered":"http:\/\/gobernacionaltaverapaz.gob.gt\/?p=2952"},"modified":"2019-04-09T12:40:21","modified_gmt":"2019-04-09T18:40:21","slug":"cnsul-de-israel","status":"publish","type":"post","link":"https:\/\/gobernacionaltaverapaz.gob.gt\/?p=2952","title":{"rendered":"C\u00d3NSUL DE ISRAEL"},"content":{"rendered":"<p style=\"text-align: justify;\">Se tuvo la visita de la C\u00f3nsul de Israel, Orly Dafna Sona a nuestro departamento, donde se reuni\u00f3 con la Se\u00f1ora Gobernadora de Alta Verapaz; Estela Adelina Ventura Fern\u00e1ndez y autoridades de nuestro departamento.<br \/>\nEl motivo de la visita de la funcionaria de Israel fue agradecer a las autoridades de nuestro departamento la hospitalidad y calidez con la que el pueblo altaverapacense recibe a los turistas israelitas que visitan las maravillas naturales con las que cuenta Alta Verapaz.<br \/>\nFinalmente la Gobernadora de Alta Verapaz manifest\u00f3 su disposici\u00f3n para trabajar y fortalecer el tema de seguridad entre otros con Israel.<\/p>\n","protected":false},"excerpt":{"rendered":"<p>Se tuvo la visita de la C\u00f3nsul de Israel, Orly Dafna Sona a nuestro departamento, donde se reuni\u00f3 con la Se\u00f1ora Gobernadora de Alta Verapaz y autoridades de nuestro departamento.<\/p>\n","protected":false},"author":1,"featured_media":2953,"comment_status":"closed","ping_status":"open","sticky":false,"template":"","format":"standard","meta":[],"categories":[199],"tags":[],"_links":{"self":[{"href":"https:\/\/gobernacionaltaverapaz.gob.gt\/index.php?rest_route=\/wp\/v2\/posts\/2952"}],"collection":[{"href":"https:\/\/gobernacionaltaverapaz.gob.gt\/index.php?rest_route=\/wp\/v2\/posts"}],"about":[{"href":"https:\/\/gobernacionaltaverapaz.gob.gt\/index.php?rest_route=\/wp\/v2\/types\/post"}],"author":[{"embeddable":true,"href":"https:\/\/gobernacionaltaverapaz.gob.gt\/index.php?rest_route=\/wp\/v2\/users\/1"}],"replies":[{"embeddable":true,"href":"https:\/\/gobernacionaltaverapaz.gob.gt\/index.php?rest_route=%2Fwp%2Fv2%2Fcomments&post=2952"}],"version-history":[{"count":2,"href":"https:\/\/gobernacionaltaverapaz.gob.gt\/index.php?rest_route=\/wp\/v2\/posts\/2952\/revisions"}],"predecessor-version":[{"id":2955,"href":"https:\/\/gobernacionaltaverapaz.gob.gt\/index.php?rest_route=\/wp\/v2\/posts\/2952\/revisions\/2955"}],"wp:featuredmedia":[{"embeddable":true,"href":"https:\/\/gobernacionaltaverapaz.gob.gt\/index.php?rest_route=\/wp\/v2\/media\/2953"}],"wp:attachment":[{"href":"https:\/\/gobernacionaltaverapaz.gob.gt\/index.php?rest_route=%2Fwp%2Fv2%2Fmedia&parent=2952"}],"wp:term":[{"taxonomy":"category","embeddable":true,"href":"https:\/\/gobernacionaltaverapaz.gob.gt\/index.php?rest_route=%2Fwp%2Fv2%2Fcategories&post=2952"},{"taxonomy":"post_tag","embeddable":true,"href":"https:\/\/gobernacionaltaverapaz.gob.gt\/index.php?rest_route=%2Fwp%2Fv2%2Ftags&post=2952"}],"curies":[{"name":"wp","href":"https:\/\/api.w.org\/{rel}","templated":true}]}}