{"id":2956,"date":"2017-07-05T12:41:26","date_gmt":"2017-07-05T18:41:26","guid":{"rendered":"http:\/\/gobernacionaltaverapaz.gob.gt\/?p=2956"},"modified":"2019-04-09T12:51:00","modified_gmt":"2019-04-09T18:51:00","slug":"inauguracin-servicio-cvico","status":"publish","type":"post","link":"https:\/\/gobernacionaltaverapaz.gob.gt\/?p=2956","title":{"rendered":"INAUGURACI\u00d3N SERVICIO C\u00cdVICO"},"content":{"rendered":"<p style=\"text-align: justify;\">El Servicio C\u00edvico es la oportunidad que brinda el Estado a j\u00f3venes comprendidos en las edades de 18-24 a\u00f1os para conocer a profundidad la realidad social, econ\u00f3mica y cultural de nuestro pa\u00eds, estimul\u00e1ndolos a contribuir de manera solidaria al desarrollo y la defensa de su poblaci\u00f3n.<br \/>\nEn Alta Verapaz se inaugur\u00f3 el Programa Departamental del Servicio C\u00edvico 2017, con 473 j\u00f3venes que se involucraran y participaran activamente en las instituciones del Estado, sirviendo a nuestro departamento durante 728 horas como lo contempla la Ley del Servicio C\u00edvico.<br \/>\nDentro de las instituciones en donde los j\u00f3venes brindaran el Servicio C\u00edvico est\u00e1n: Ministerio de la Defensa Nacional; Reservas Militares, Departamento de Tr\u00e1nsito de la Polic\u00eda Nacional Civil; Polic\u00eda Municipal de Transito, Superintendencia de Administraci\u00f3n Tributaria, Secretar\u00eda de Bienestar Social, Ministerio de cultura y deportes, Ministerio Agricultura Ganader\u00eda y Alimentaci\u00f3n.<br \/>\nLa Se\u00f1ora Gobernadora Departamental de Alta Verapaz; Estela Adelina Ventura Fern\u00e1ndez quien adem\u00e1s es la Presidenta de la Junta Local del Servicio C\u00edvico manifest\u00f3 \u201chemos logrado que Alta Verapaz sea el departamento que m\u00e1s j\u00f3venes tiene para brindar el Servicio C\u00edvico, adem\u00e1s quiero pedirles que hagan un buen trabajo en cada una de las instituciones en las que se desenvuelvan y tengan por seguro que nuestra patria y la poblaci\u00f3n se los agradecer\u00e1n\u201d.<br \/>\nLa incorporaci\u00f3n de los Servidores C\u00edvicos en las diferentes dependencias del Estado, tiene como fin formar buenos guatemaltecos que se involucren en los diferentes problemas del pa\u00eds de Guatemala, indico el Licenciado Jos\u00e9 Alberto L\u00f3pez Contreras, Secretario Ejecutivo de la Secretar\u00eda Ejecutiva del Servicio C\u00edvico, adem\u00e1s el funcionario agreg\u00f3 \u201cquiero felicitar a la Se\u00f1ora Gobernadora por el esfuerzo y dedicaci\u00f3n en este transcendental acto que se lleva a cabo el d\u00eda de hoy, ya que fortalece el Servicio C\u00edvico en nuestro pa\u00eds\u201d.<br \/>\nCon la participaci\u00f3n de Autoridades Militares, Alcaldes de nuestro departamento, j\u00f3venes que prestar\u00e1n el Servicio C\u00edvico y medios de comunicaci\u00f3n se dio la apertura del Servicio C\u00edvico Social y Militar en nuestro departamento.<\/p>\n","protected":false},"excerpt":{"rendered":"<p>Con la participaci\u00f3n de Autoridades Militares, Alcaldes de nuestro departamento, j\u00f3venes que prestar\u00e1n el Servicio C\u00edvico y medios de comunicaci\u00f3n se dio la apertura del Servicio C\u00edvico Social y Militar en nuestro departamento.<\/p>\n","protected":false},"author":1,"featured_media":2957,"comment_status":"closed","ping_status":"open","sticky":false,"template":"","format":"standard","meta":[],"categories":[199],"tags":[],"_links":{"self":[{"href":"https:\/\/gobernacionaltaverapaz.gob.gt\/index.php?rest_route=\/wp\/v2\/posts\/2956"}],"collection":[{"href":"https:\/\/gobernacionaltaverapaz.gob.gt\/index.php?rest_route=\/wp\/v2\/posts"}],"about":[{"href":"https:\/\/gobernacionaltaverapaz.gob.gt\/index.php?rest_route=\/wp\/v2\/types\/post"}],"author":[{"embeddable":true,"href":"https:\/\/gobernacionaltaverapaz.gob.gt\/index.php?rest_route=\/wp\/v2\/users\/1"}],"replies":[{"embeddable":true,"href":"https:\/\/gobernacionaltaverapaz.gob.gt\/index.php?rest_route=%2Fwp%2Fv2%2Fcomments&post=2956"}],"version-history":[{"count":2,"href":"https:\/\/gobernacionaltaverapaz.gob.gt\/index.php?rest_route=\/wp\/v2\/posts\/2956\/revisions"}],"predecessor-version":[{"id":2959,"href":"https:\/\/gobernacionaltaverapaz.gob.gt\/index.php?rest_route=\/wp\/v2\/posts\/2956\/revisions\/2959"}],"wp:featuredmedia":[{"embeddable":true,"href":"https:\/\/gobernacionaltaverapaz.gob.gt\/index.php?rest_route=\/wp\/v2\/media\/2957"}],"wp:attachment":[{"href":"https:\/\/gobernacionaltaverapaz.gob.gt\/index.php?rest_route=%2Fwp%2Fv2%2Fmedia&parent=2956"}],"wp:term":[{"taxonomy":"category","embeddable":true,"href":"https:\/\/gobernacionaltaverapaz.gob.gt\/index.php?rest_route=%2Fwp%2Fv2%2Fcategories&post=2956"},{"taxonomy":"post_tag","embeddable":true,"href":"https:\/\/gobernacionaltaverapaz.gob.gt\/index.php?rest_route=%2Fwp%2Fv2%2Ftags&post=2956"}],"curies":[{"name":"wp","href":"https:\/\/api.w.org\/{rel}","templated":true}]}}