{"id":2960,"date":"2017-07-05T12:52:14","date_gmt":"2017-07-05T18:52:14","guid":{"rendered":"http:\/\/gobernacionaltaverapaz.gob.gt\/?p=2960"},"modified":"2019-04-09T14:04:36","modified_gmt":"2019-04-09T20:04:36","slug":"reunin-ordinaria-de-codepcodricodesan","status":"publish","type":"post","link":"https:\/\/gobernacionaltaverapaz.gob.gt\/?p=2960","title":{"rendered":"REUNI\u00d3N ORDINARIA DE CODEP-CODRI-CODESAN"},"content":{"rendered":"<p style=\"text-align: justify;\">En la sede departamental de Alta Verapaz del Ministerio Agricultura Ganader\u00eda y Alimentaci\u00f3n \u2013MAGA-; se realiz\u00f3 la reuni\u00f3n ordinaria de CODEP \u2013 CODRI \u2013 CODESAN y taller de an\u00e1lisis de acciones de la CODESAN.<br \/>\nSe trataron varios temas, con los que se busca apoyar y fortalecer lo relacionado con la agricultura, ganader\u00eda y seguridad alimentaria.<br \/>\nLos temas tratados en la reuni\u00f3n fueron:<br \/>\n-Talleres de estrategia nacional para prevenir la desnutrici\u00f3n cr\u00f3nica.<br \/>\n\u2013 El acuerdo ministerial No. 22-2017 del MAGA, c\u00f3mo deben estar conformadas las reuniones de CODEP a nivel regional y a nivel departamental.<br \/>\n-Trazabilidad de ganado mayor\/ cajas azules.<br \/>\n\u2013 Avances de la estrategia de prevenci\u00f3n de la desnutrici\u00f3n cr\u00f3nica.<br \/>\n-Cambio clim\u00e1tico.<br \/>\nEn la reuni\u00f3n estuvo presente la Se\u00f1ora Gobernadora Departamental de Alta Verapaz; Estela Adelina Ventura Fern\u00e1ndez, quien manifest\u00f3, que \u201ces necesario desarrollar una campa\u00f1a para que las personas del \u00e1rea urbana y rural registren su ganado en las municipalidades del departamento; adem\u00e1s de reiterar que el trabajo interinstitucional ser\u00e1 fundamental para la estrategia de prevenci\u00f3n de desnutrici\u00f3n cr\u00f3nica, en donde se tomaran acciones a trav\u00e9s de laboratorios m\u00f3viles para realizar pruebas a los granos de ma\u00edz en las distintas comunidades del departamento\u201d.<\/p>\n","protected":false},"excerpt":{"rendered":"<p>Se trataron varios temas, con los que se busca apoyar y fortalecer lo relacionado con la agricultura, ganader\u00eda y seguridad alimentaria.<\/p>\n","protected":false},"author":1,"featured_media":2961,"comment_status":"closed","ping_status":"open","sticky":false,"template":"","format":"standard","meta":[],"categories":[199],"tags":[],"_links":{"self":[{"href":"https:\/\/gobernacionaltaverapaz.gob.gt\/index.php?rest_route=\/wp\/v2\/posts\/2960"}],"collection":[{"href":"https:\/\/gobernacionaltaverapaz.gob.gt\/index.php?rest_route=\/wp\/v2\/posts"}],"about":[{"href":"https:\/\/gobernacionaltaverapaz.gob.gt\/index.php?rest_route=\/wp\/v2\/types\/post"}],"author":[{"embeddable":true,"href":"https:\/\/gobernacionaltaverapaz.gob.gt\/index.php?rest_route=\/wp\/v2\/users\/1"}],"replies":[{"embeddable":true,"href":"https:\/\/gobernacionaltaverapaz.gob.gt\/index.php?rest_route=%2Fwp%2Fv2%2Fcomments&post=2960"}],"version-history":[{"count":1,"href":"https:\/\/gobernacionaltaverapaz.gob.gt\/index.php?rest_route=\/wp\/v2\/posts\/2960\/revisions"}],"predecessor-version":[{"id":2962,"href":"https:\/\/gobernacionaltaverapaz.gob.gt\/index.php?rest_route=\/wp\/v2\/posts\/2960\/revisions\/2962"}],"wp:featuredmedia":[{"embeddable":true,"href":"https:\/\/gobernacionaltaverapaz.gob.gt\/index.php?rest_route=\/wp\/v2\/media\/2961"}],"wp:attachment":[{"href":"https:\/\/gobernacionaltaverapaz.gob.gt\/index.php?rest_route=%2Fwp%2Fv2%2Fmedia&parent=2960"}],"wp:term":[{"taxonomy":"category","embeddable":true,"href":"https:\/\/gobernacionaltaverapaz.gob.gt\/index.php?rest_route=%2Fwp%2Fv2%2Fcategories&post=2960"},{"taxonomy":"post_tag","embeddable":true,"href":"https:\/\/gobernacionaltaverapaz.gob.gt\/index.php?rest_route=%2Fwp%2Fv2%2Ftags&post=2960"}],"curies":[{"name":"wp","href":"https:\/\/api.w.org\/{rel}","templated":true}]}}