{"id":2972,"date":"2017-05-15T14:33:31","date_gmt":"2017-05-15T20:33:31","guid":{"rendered":"http:\/\/gobernacionaltaverapaz.gob.gt\/?p=2972"},"modified":"2019-04-09T14:37:24","modified_gmt":"2019-04-09T20:37:24","slug":"mesa-de-dilogo-conflictividad-en-alta-verapaz","status":"publish","type":"post","link":"https:\/\/gobernacionaltaverapaz.gob.gt\/?p=2972","title":{"rendered":"MESA DE DI\u00c1LOGO, CONFLICTIVIDAD EN ALTA VERAPAZ"},"content":{"rendered":"<p style=\"text-align: justify;\">En el Sal\u00f3n de las Am\u00e9ricas, del Palacio de Gobernaci\u00f3n Departamental de Alta Verapaz, se socializaron detalles del tema de conflictividad agraria en el departamento a jefes institucionales y alcaldes, a trav\u00e9s de la Comisi\u00f3n de Di\u00e1logo Nacional de Atenci\u00f3n a la Conflictividad.<br \/>\nLa mesa t\u00e9cnica se desarroll\u00f3 con la presencia de autoridades del Gobierno central y del departamento, abordando diferentes casos de conflictividad, a los cuales se les ha dado seguimiento, adem\u00e1s de implementar estrategias para resolver de forma integral los conflictos sociales y ambientales.<\/p>\n","protected":false},"excerpt":{"rendered":"<p>Se socializaron detalles del tema de conflictividad agraria en el departamento a jefes institucionales y alcaldes, a trav\u00e9s de la Comisi\u00f3n de Di\u00e1logo Nacional de Atenci\u00f3n a la Conflictividad.<\/p>\n","protected":false},"author":1,"featured_media":2973,"comment_status":"closed","ping_status":"open","sticky":false,"template":"","format":"standard","meta":[],"categories":[199],"tags":[],"_links":{"self":[{"href":"https:\/\/gobernacionaltaverapaz.gob.gt\/index.php?rest_route=\/wp\/v2\/posts\/2972"}],"collection":[{"href":"https:\/\/gobernacionaltaverapaz.gob.gt\/index.php?rest_route=\/wp\/v2\/posts"}],"about":[{"href":"https:\/\/gobernacionaltaverapaz.gob.gt\/index.php?rest_route=\/wp\/v2\/types\/post"}],"author":[{"embeddable":true,"href":"https:\/\/gobernacionaltaverapaz.gob.gt\/index.php?rest_route=\/wp\/v2\/users\/1"}],"replies":[{"embeddable":true,"href":"https:\/\/gobernacionaltaverapaz.gob.gt\/index.php?rest_route=%2Fwp%2Fv2%2Fcomments&post=2972"}],"version-history":[{"count":1,"href":"https:\/\/gobernacionaltaverapaz.gob.gt\/index.php?rest_route=\/wp\/v2\/posts\/2972\/revisions"}],"predecessor-version":[{"id":2974,"href":"https:\/\/gobernacionaltaverapaz.gob.gt\/index.php?rest_route=\/wp\/v2\/posts\/2972\/revisions\/2974"}],"wp:featuredmedia":[{"embeddable":true,"href":"https:\/\/gobernacionaltaverapaz.gob.gt\/index.php?rest_route=\/wp\/v2\/media\/2973"}],"wp:attachment":[{"href":"https:\/\/gobernacionaltaverapaz.gob.gt\/index.php?rest_route=%2Fwp%2Fv2%2Fmedia&parent=2972"}],"wp:term":[{"taxonomy":"category","embeddable":true,"href":"https:\/\/gobernacionaltaverapaz.gob.gt\/index.php?rest_route=%2Fwp%2Fv2%2Fcategories&post=2972"},{"taxonomy":"post_tag","embeddable":true,"href":"https:\/\/gobernacionaltaverapaz.gob.gt\/index.php?rest_route=%2Fwp%2Fv2%2Ftags&post=2972"}],"curies":[{"name":"wp","href":"https:\/\/api.w.org\/{rel}","templated":true}]}}