{"id":2982,"date":"2017-05-15T08:47:32","date_gmt":"2017-05-15T14:47:32","guid":{"rendered":"http:\/\/gobernacionaltaverapaz.gob.gt\/?p=2982"},"modified":"2019-04-12T08:54:07","modified_gmt":"2019-04-12T14:54:07","slug":"taller-de-fortalecimiento-para-alcaldes-municipales","status":"publish","type":"post","link":"https:\/\/gobernacionaltaverapaz.gob.gt\/?p=2982","title":{"rendered":"TALLER DE FORTALECIMIENTO PARA ALCALDES MUNICIPALES"},"content":{"rendered":"<p style=\"text-align: justify;\">Este taller fue coordinado a trav\u00e9s de la Secretar\u00eda de Coordinaci\u00f3n Ejecutiva de la Presidencia (SCEP), los objetivos principales de dicha actividad fueron; orientar a los Alcaldes Municipales sobre la normativa y lineamientos t\u00e9cnicos de Planificaci\u00f3n y Ejecuci\u00f3n de la inversi\u00f3n 2017, en cumplimiento a la Pol\u00edtica General de Gobierno, dando a conocer el Marco Legal y Conceptual del Proceso de Descentralizaci\u00f3n y la Agenda Rural 2016-2020 en el Marco de la Pol\u00edtica Nacional de Desarrollo Rural Integral \u2013PNDRI-.<br \/>\nA trav\u00e9s de este taller se busca el fortalecimiento de la capacidad de los \u00f3rganos locales para el manejo de recursos y mejorar la eficiencia en la Administraci\u00f3n P\u00fablica, para un desarrollo sostenible.<\/p>\n","protected":false},"excerpt":{"rendered":"<p>A trav\u00e9s de este taller se busca el fortalecimiento de la capacidad de los \u00f3rganos locales para el manejo de recursos y mejorar la eficiencia en la Administraci\u00f3n P\u00fablica, para un desarrollo sostenible. <\/p>\n","protected":false},"author":1,"featured_media":2983,"comment_status":"closed","ping_status":"open","sticky":false,"template":"","format":"standard","meta":[],"categories":[199],"tags":[],"_links":{"self":[{"href":"https:\/\/gobernacionaltaverapaz.gob.gt\/index.php?rest_route=\/wp\/v2\/posts\/2982"}],"collection":[{"href":"https:\/\/gobernacionaltaverapaz.gob.gt\/index.php?rest_route=\/wp\/v2\/posts"}],"about":[{"href":"https:\/\/gobernacionaltaverapaz.gob.gt\/index.php?rest_route=\/wp\/v2\/types\/post"}],"author":[{"embeddable":true,"href":"https:\/\/gobernacionaltaverapaz.gob.gt\/index.php?rest_route=\/wp\/v2\/users\/1"}],"replies":[{"embeddable":true,"href":"https:\/\/gobernacionaltaverapaz.gob.gt\/index.php?rest_route=%2Fwp%2Fv2%2Fcomments&post=2982"}],"version-history":[{"count":1,"href":"https:\/\/gobernacionaltaverapaz.gob.gt\/index.php?rest_route=\/wp\/v2\/posts\/2982\/revisions"}],"predecessor-version":[{"id":2984,"href":"https:\/\/gobernacionaltaverapaz.gob.gt\/index.php?rest_route=\/wp\/v2\/posts\/2982\/revisions\/2984"}],"wp:featuredmedia":[{"embeddable":true,"href":"https:\/\/gobernacionaltaverapaz.gob.gt\/index.php?rest_route=\/wp\/v2\/media\/2983"}],"wp:attachment":[{"href":"https:\/\/gobernacionaltaverapaz.gob.gt\/index.php?rest_route=%2Fwp%2Fv2%2Fmedia&parent=2982"}],"wp:term":[{"taxonomy":"category","embeddable":true,"href":"https:\/\/gobernacionaltaverapaz.gob.gt\/index.php?rest_route=%2Fwp%2Fv2%2Fcategories&post=2982"},{"taxonomy":"post_tag","embeddable":true,"href":"https:\/\/gobernacionaltaverapaz.gob.gt\/index.php?rest_route=%2Fwp%2Fv2%2Ftags&post=2982"}],"curies":[{"name":"wp","href":"https:\/\/api.w.org\/{rel}","templated":true}]}}