{"id":2988,"date":"2017-05-08T09:09:29","date_gmt":"2017-05-08T15:09:29","guid":{"rendered":"http:\/\/gobernacionaltaverapaz.gob.gt\/?p=2988"},"modified":"2019-04-12T09:19:51","modified_gmt":"2019-04-12T15:19:51","slug":"proyecto-mpp-de-guatemala","status":"publish","type":"post","link":"https:\/\/gobernacionaltaverapaz.gob.gt\/?p=2988","title":{"rendered":"PROYECTO MPP DE GUATEMALA"},"content":{"rendered":"<p style=\"text-align: justify;\">En la ciudad de Cob\u00e1n se present\u00f3 el proyecto MPP, cuyo objetivo es mejorar la seguridad p\u00fablica en diferentes municipios de nuestro departamento y el pa\u00eds, proporcionando capacitaci\u00f3n, equipo y los servicios necesarios para establecer modelos de prevenci\u00f3n, basados en el compromiso de trabajo entre la PNC y autoridades de nuestro departamento.<br \/>\nEste proyecto est\u00e1 siendo implementado por RTI Internacional, que es uno de los institutos de investigaci\u00f3n l\u00edderes en el mundo, que se dedica a mejorar la condici\u00f3n humana llevando el conocimiento a la pr\u00e1ctica.<br \/>\nEste evento se cont\u00f3 con la participaci\u00f3n de la Se\u00f1ora Gobernadora de Alta Verapaz; Estela Adelina Ventura Fern\u00e1ndez, alcaldes y delegados de instituciones.<\/p>\n","protected":false},"excerpt":{"rendered":"<p>Con el objetivo de mejorar la seguridad p\u00fablica en diferentes municipios de nuestro departamento y el pa\u00eds, proporcionando capacitaci\u00f3n, equipo y los servicios necesarios para establecer modelos de prevenci\u00f3n, basados en el compromiso de trabajo entre la PNC y autoridades de nuestro departamento.<\/p>\n","protected":false},"author":1,"featured_media":2989,"comment_status":"closed","ping_status":"open","sticky":false,"template":"","format":"standard","meta":[],"categories":[199],"tags":[],"_links":{"self":[{"href":"https:\/\/gobernacionaltaverapaz.gob.gt\/index.php?rest_route=\/wp\/v2\/posts\/2988"}],"collection":[{"href":"https:\/\/gobernacionaltaverapaz.gob.gt\/index.php?rest_route=\/wp\/v2\/posts"}],"about":[{"href":"https:\/\/gobernacionaltaverapaz.gob.gt\/index.php?rest_route=\/wp\/v2\/types\/post"}],"author":[{"embeddable":true,"href":"https:\/\/gobernacionaltaverapaz.gob.gt\/index.php?rest_route=\/wp\/v2\/users\/1"}],"replies":[{"embeddable":true,"href":"https:\/\/gobernacionaltaverapaz.gob.gt\/index.php?rest_route=%2Fwp%2Fv2%2Fcomments&post=2988"}],"version-history":[{"count":2,"href":"https:\/\/gobernacionaltaverapaz.gob.gt\/index.php?rest_route=\/wp\/v2\/posts\/2988\/revisions"}],"predecessor-version":[{"id":2991,"href":"https:\/\/gobernacionaltaverapaz.gob.gt\/index.php?rest_route=\/wp\/v2\/posts\/2988\/revisions\/2991"}],"wp:featuredmedia":[{"embeddable":true,"href":"https:\/\/gobernacionaltaverapaz.gob.gt\/index.php?rest_route=\/wp\/v2\/media\/2989"}],"wp:attachment":[{"href":"https:\/\/gobernacionaltaverapaz.gob.gt\/index.php?rest_route=%2Fwp%2Fv2%2Fmedia&parent=2988"}],"wp:term":[{"taxonomy":"category","embeddable":true,"href":"https:\/\/gobernacionaltaverapaz.gob.gt\/index.php?rest_route=%2Fwp%2Fv2%2Fcategories&post=2988"},{"taxonomy":"post_tag","embeddable":true,"href":"https:\/\/gobernacionaltaverapaz.gob.gt\/index.php?rest_route=%2Fwp%2Fv2%2Ftags&post=2988"}],"curies":[{"name":"wp","href":"https:\/\/api.w.org\/{rel}","templated":true}]}}