{"id":2992,"date":"2017-05-03T09:21:20","date_gmt":"2017-05-03T15:21:20","guid":{"rendered":"http:\/\/gobernacionaltaverapaz.gob.gt\/?p=2992"},"modified":"2019-04-12T09:26:58","modified_gmt":"2019-04-12T15:26:58","slug":"foro-empoderamiento-cumplimiento-de-los-derechos-de-la-mujer-en-la-sociedad-altaverapacense","status":"publish","type":"post","link":"https:\/\/gobernacionaltaverapaz.gob.gt\/?p=2992","title":{"rendered":"FORO EMPODERAMIENTO Y CUMPLIMIENTO DE LOS DERECHOS DE LA MUJER EN LA SOCIEDAD ALTAVERAPACENSE"},"content":{"rendered":"<p style=\"text-align: justify;\">En el marco de la conmemoraci\u00f3n del D\u00eda Internacional de la Mujer, en el Sal\u00f3n de las Am\u00e9ricas del Palacio de Gobernaci\u00f3n, se llev\u00f3 a cabo el foro \u201cEmpoderamiento y cumplimiento de los Derechos de la Mujer en la sociedad Altaverapacense\u201d, con presencia de panelistas en los temas de derecho a la participaci\u00f3n, acceso a la justicia, educaci\u00f3n y experiencias.<br \/>\nEn esta actividad estuvo la Se\u00f1ora Gobernadora de Alta Verapaz; Estela Adelina Ventura Fern\u00e1ndez, as\u00ed mismo la Alcaldesa de San Agust\u00edn Lanqu\u00edn; Liliana Irlanda Pop y la Comisi\u00f3n Departamental de la Mujer CODEDE A.V.<br \/>\nAdem\u00e1s se dieron a conocer los avances institucionales relacionados con los esfuerzos en beneficio del desarrollo de la mujer y las actividades que se estar\u00e1n llevando a cabo en los diferentes municipios del departamento de Alta Verapaz.<\/p>\n","protected":false},"excerpt":{"rendered":"<p>Se dieron a conocer los avances institucionales relacionados con los esfuerzos en beneficio del desarrollo de la mujer.<\/p>\n","protected":false},"author":1,"featured_media":2993,"comment_status":"closed","ping_status":"open","sticky":false,"template":"","format":"standard","meta":[],"categories":[199],"tags":[],"_links":{"self":[{"href":"https:\/\/gobernacionaltaverapaz.gob.gt\/index.php?rest_route=\/wp\/v2\/posts\/2992"}],"collection":[{"href":"https:\/\/gobernacionaltaverapaz.gob.gt\/index.php?rest_route=\/wp\/v2\/posts"}],"about":[{"href":"https:\/\/gobernacionaltaverapaz.gob.gt\/index.php?rest_route=\/wp\/v2\/types\/post"}],"author":[{"embeddable":true,"href":"https:\/\/gobernacionaltaverapaz.gob.gt\/index.php?rest_route=\/wp\/v2\/users\/1"}],"replies":[{"embeddable":true,"href":"https:\/\/gobernacionaltaverapaz.gob.gt\/index.php?rest_route=%2Fwp%2Fv2%2Fcomments&post=2992"}],"version-history":[{"count":1,"href":"https:\/\/gobernacionaltaverapaz.gob.gt\/index.php?rest_route=\/wp\/v2\/posts\/2992\/revisions"}],"predecessor-version":[{"id":2994,"href":"https:\/\/gobernacionaltaverapaz.gob.gt\/index.php?rest_route=\/wp\/v2\/posts\/2992\/revisions\/2994"}],"wp:featuredmedia":[{"embeddable":true,"href":"https:\/\/gobernacionaltaverapaz.gob.gt\/index.php?rest_route=\/wp\/v2\/media\/2993"}],"wp:attachment":[{"href":"https:\/\/gobernacionaltaverapaz.gob.gt\/index.php?rest_route=%2Fwp%2Fv2%2Fmedia&parent=2992"}],"wp:term":[{"taxonomy":"category","embeddable":true,"href":"https:\/\/gobernacionaltaverapaz.gob.gt\/index.php?rest_route=%2Fwp%2Fv2%2Fcategories&post=2992"},{"taxonomy":"post_tag","embeddable":true,"href":"https:\/\/gobernacionaltaverapaz.gob.gt\/index.php?rest_route=%2Fwp%2Fv2%2Ftags&post=2992"}],"curies":[{"name":"wp","href":"https:\/\/api.w.org\/{rel}","templated":true}]}}