{"id":2998,"date":"2017-05-03T09:38:16","date_gmt":"2017-05-03T15:38:16","guid":{"rendered":"http:\/\/gobernacionaltaverapaz.gob.gt\/?p=2998"},"modified":"2019-04-12T09:44:39","modified_gmt":"2019-04-12T15:44:39","slug":"seminario-de-liderazgo-gestin-pblica","status":"publish","type":"post","link":"https:\/\/gobernacionaltaverapaz.gob.gt\/?p=2998","title":{"rendered":"SEMINARIO DE LIDERAZGO Y GESTI\u00d3N P\u00daBLICA"},"content":{"rendered":"<p style=\"text-align: justify;\">El Comando Regional de Operaciones de Mantenimiento de Paz (CREOMPAZ), fue la sede donde se realiz\u00f3 el primer seminario para l\u00edderes de Alta Verapaz. El objetivo de este seminario es contribuir a la profesionalizaci\u00f3n de funcionarios l\u00edderes, promoviendo acad\u00e9micamente el desarrollo de un liderazgo pol\u00edtico y t\u00e9cnico a trav\u00e9s de la excelencia profesional.<br \/>\nComo parte del seminario impartido por la Escuela de Gobierno,y con el apoyo de la Gobernaci\u00f3n Departamental de Alta Verapaz, a cargo de la se\u00f1ora Gobernadora; Estela Adelina Ventura Fern\u00e1ndez, se llevaron a cabo conferencias tem\u00e1ticas y talleres din\u00e1micos dentro de un ambiente acad\u00e9mico de intercambio de experiencias y conocimientos que permitan desarrollar eficientemente el desempe\u00f1o de los funcionarios.<\/p>\n","protected":false},"excerpt":{"rendered":"<p>El objetivo de este seminario es contribuir a la profesionalizaci\u00f3n de funcionarios l\u00edderes, promoviendo acad\u00e9micamente el desarrollo de un liderazgo pol\u00edtico y t\u00e9cnico a trav\u00e9s de la excelencia profesional.<\/p>\n","protected":false},"author":1,"featured_media":2999,"comment_status":"closed","ping_status":"open","sticky":false,"template":"","format":"standard","meta":[],"categories":[199],"tags":[],"_links":{"self":[{"href":"https:\/\/gobernacionaltaverapaz.gob.gt\/index.php?rest_route=\/wp\/v2\/posts\/2998"}],"collection":[{"href":"https:\/\/gobernacionaltaverapaz.gob.gt\/index.php?rest_route=\/wp\/v2\/posts"}],"about":[{"href":"https:\/\/gobernacionaltaverapaz.gob.gt\/index.php?rest_route=\/wp\/v2\/types\/post"}],"author":[{"embeddable":true,"href":"https:\/\/gobernacionaltaverapaz.gob.gt\/index.php?rest_route=\/wp\/v2\/users\/1"}],"replies":[{"embeddable":true,"href":"https:\/\/gobernacionaltaverapaz.gob.gt\/index.php?rest_route=%2Fwp%2Fv2%2Fcomments&post=2998"}],"version-history":[{"count":1,"href":"https:\/\/gobernacionaltaverapaz.gob.gt\/index.php?rest_route=\/wp\/v2\/posts\/2998\/revisions"}],"predecessor-version":[{"id":3000,"href":"https:\/\/gobernacionaltaverapaz.gob.gt\/index.php?rest_route=\/wp\/v2\/posts\/2998\/revisions\/3000"}],"wp:featuredmedia":[{"embeddable":true,"href":"https:\/\/gobernacionaltaverapaz.gob.gt\/index.php?rest_route=\/wp\/v2\/media\/2999"}],"wp:attachment":[{"href":"https:\/\/gobernacionaltaverapaz.gob.gt\/index.php?rest_route=%2Fwp%2Fv2%2Fmedia&parent=2998"}],"wp:term":[{"taxonomy":"category","embeddable":true,"href":"https:\/\/gobernacionaltaverapaz.gob.gt\/index.php?rest_route=%2Fwp%2Fv2%2Fcategories&post=2998"},{"taxonomy":"post_tag","embeddable":true,"href":"https:\/\/gobernacionaltaverapaz.gob.gt\/index.php?rest_route=%2Fwp%2Fv2%2Ftags&post=2998"}],"curies":[{"name":"wp","href":"https:\/\/api.w.org\/{rel}","templated":true}]}}