{"id":3004,"date":"2017-04-26T10:04:33","date_gmt":"2017-04-26T16:04:33","guid":{"rendered":"http:\/\/gobernacionaltaverapaz.gob.gt\/?p=3004"},"modified":"2019-04-12T10:07:41","modified_gmt":"2019-04-12T16:07:41","slug":"feria-turismo-comunitario","status":"publish","type":"post","link":"https:\/\/gobernacionaltaverapaz.gob.gt\/?p=3004","title":{"rendered":"FERIA TURISMO COMUNITARIO"},"content":{"rendered":"<p style=\"text-align: justify;\">En el parque central la Paz de la ciudad de Cob\u00e1n, se desarroll\u00f3 la primera \u02cb\u02cbFERIA INTERNACIONAL DE INTERCAMBIO DE EXPERIENCIAS DE TURISMO COMUNITARIO\u02ca\u02ca con el objetivo de intercambiar conocimientos y percepci\u00f3n relacionados al turismo comunitario, ecoturismo, en un marco de inclusi\u00f3n y participaci\u00f3n de las comunidades.<br \/>\nSe abordaron temas de: Actividades del MICUDE para fortalecer identidad cultural e importancia de las actividades de turismo comunitario.<\/p>\n","protected":false},"excerpt":{"rendered":"<p>Se desarroll\u00f3 con el objetivo de intercambiar conocimientos y percepci\u00f3n relacionados al turismo comunitario, ecoturismo, en un marco de inclusi\u00f3n y participaci\u00f3n de las comunidades.<\/p>\n","protected":false},"author":1,"featured_media":3005,"comment_status":"closed","ping_status":"open","sticky":false,"template":"","format":"standard","meta":[],"categories":[199],"tags":[],"_links":{"self":[{"href":"https:\/\/gobernacionaltaverapaz.gob.gt\/index.php?rest_route=\/wp\/v2\/posts\/3004"}],"collection":[{"href":"https:\/\/gobernacionaltaverapaz.gob.gt\/index.php?rest_route=\/wp\/v2\/posts"}],"about":[{"href":"https:\/\/gobernacionaltaverapaz.gob.gt\/index.php?rest_route=\/wp\/v2\/types\/post"}],"author":[{"embeddable":true,"href":"https:\/\/gobernacionaltaverapaz.gob.gt\/index.php?rest_route=\/wp\/v2\/users\/1"}],"replies":[{"embeddable":true,"href":"https:\/\/gobernacionaltaverapaz.gob.gt\/index.php?rest_route=%2Fwp%2Fv2%2Fcomments&post=3004"}],"version-history":[{"count":1,"href":"https:\/\/gobernacionaltaverapaz.gob.gt\/index.php?rest_route=\/wp\/v2\/posts\/3004\/revisions"}],"predecessor-version":[{"id":3006,"href":"https:\/\/gobernacionaltaverapaz.gob.gt\/index.php?rest_route=\/wp\/v2\/posts\/3004\/revisions\/3006"}],"wp:featuredmedia":[{"embeddable":true,"href":"https:\/\/gobernacionaltaverapaz.gob.gt\/index.php?rest_route=\/wp\/v2\/media\/3005"}],"wp:attachment":[{"href":"https:\/\/gobernacionaltaverapaz.gob.gt\/index.php?rest_route=%2Fwp%2Fv2%2Fmedia&parent=3004"}],"wp:term":[{"taxonomy":"category","embeddable":true,"href":"https:\/\/gobernacionaltaverapaz.gob.gt\/index.php?rest_route=%2Fwp%2Fv2%2Fcategories&post=3004"},{"taxonomy":"post_tag","embeddable":true,"href":"https:\/\/gobernacionaltaverapaz.gob.gt\/index.php?rest_route=%2Fwp%2Fv2%2Ftags&post=3004"}],"curies":[{"name":"wp","href":"https:\/\/api.w.org\/{rel}","templated":true}]}}