{"id":3014,"date":"2016-09-26T10:45:50","date_gmt":"2016-09-26T16:45:50","guid":{"rendered":"http:\/\/gobernacionaltaverapaz.gob.gt\/?p=3014"},"modified":"2019-04-12T10:58:34","modified_gmt":"2019-04-12T16:58:34","slug":"prevencin-de-embarazos-en-adolescentes","status":"publish","type":"post","link":"https:\/\/gobernacionaltaverapaz.gob.gt\/?p=3014","title":{"rendered":"PREVENCI\u00d3N DE EMBARAZOS EN ADOLESCENTES"},"content":{"rendered":"<p style=\"text-align: justify;\">En el parque central La Paz, de esta cabecera departamental se llev\u00f3 a cabo la primera Feria de Embarazos NO Planificados en Adolescentes.<\/p>\n<p style=\"text-align: justify;\">La Se\u00f1ora Gobernadora de Alta Verapaz; Estela Adelina Ventura Fern\u00e1ndez, al dirigirse a los j\u00f3venes presentes hizo referencia a los embarazos que se suscitan a temprana edad, manifestando a la vez que la juventud debe aprovechar productivamente su tiempo, disfrutar cada etapa de su vida y sobre todo cuidar de su cuerpo, recalcando que a trav\u00e9s de la prevenci\u00f3n y la abstinencia puede evitarse este tipo de problemas que aquejan a la poblaci\u00f3n adolescente en nuestro departamento.<\/p>\n<p style=\"text-align: justify;\">Las autoridades de Gobierno y municipales tuvieron a bien recorrer los diferentes stands ubicados en parque central La Paz y corredores de Palacio de Gobernaci\u00f3n, instalados por instituciones; los cuales tiene como objetivo primordial informar y socializar a j\u00f3venes, docentes y poblaci\u00f3n en general a cerca del tema en menci\u00f3n.<\/p>\n<p>&nbsp;<\/p>\n<div><\/div>\n","protected":false},"excerpt":{"rendered":"<p>La Se\u00f1ora Gobernadora de Alta Verapaz; hizo referencia a los embarazos que se suscitan a temprana edad, manifestando a la vez que la juventud debe aprovechar productivamente su tiempo, disfrutar cada etapa de su vida y sobre todo cuidar de su cuerpo, recalcando que a trav\u00e9s de la prevenci\u00f3n y la abstinencia puede evitarse este tipo de problemas que aquejan a la poblaci\u00f3n adolescente en nuestro departamento.<\/p>\n","protected":false},"author":1,"featured_media":3015,"comment_status":"closed","ping_status":"open","sticky":false,"template":"","format":"standard","meta":[],"categories":[199],"tags":[],"_links":{"self":[{"href":"https:\/\/gobernacionaltaverapaz.gob.gt\/index.php?rest_route=\/wp\/v2\/posts\/3014"}],"collection":[{"href":"https:\/\/gobernacionaltaverapaz.gob.gt\/index.php?rest_route=\/wp\/v2\/posts"}],"about":[{"href":"https:\/\/gobernacionaltaverapaz.gob.gt\/index.php?rest_route=\/wp\/v2\/types\/post"}],"author":[{"embeddable":true,"href":"https:\/\/gobernacionaltaverapaz.gob.gt\/index.php?rest_route=\/wp\/v2\/users\/1"}],"replies":[{"embeddable":true,"href":"https:\/\/gobernacionaltaverapaz.gob.gt\/index.php?rest_route=%2Fwp%2Fv2%2Fcomments&post=3014"}],"version-history":[{"count":2,"href":"https:\/\/gobernacionaltaverapaz.gob.gt\/index.php?rest_route=\/wp\/v2\/posts\/3014\/revisions"}],"predecessor-version":[{"id":3019,"href":"https:\/\/gobernacionaltaverapaz.gob.gt\/index.php?rest_route=\/wp\/v2\/posts\/3014\/revisions\/3019"}],"wp:featuredmedia":[{"embeddable":true,"href":"https:\/\/gobernacionaltaverapaz.gob.gt\/index.php?rest_route=\/wp\/v2\/media\/3015"}],"wp:attachment":[{"href":"https:\/\/gobernacionaltaverapaz.gob.gt\/index.php?rest_route=%2Fwp%2Fv2%2Fmedia&parent=3014"}],"wp:term":[{"taxonomy":"category","embeddable":true,"href":"https:\/\/gobernacionaltaverapaz.gob.gt\/index.php?rest_route=%2Fwp%2Fv2%2Fcategories&post=3014"},{"taxonomy":"post_tag","embeddable":true,"href":"https:\/\/gobernacionaltaverapaz.gob.gt\/index.php?rest_route=%2Fwp%2Fv2%2Ftags&post=3014"}],"curies":[{"name":"wp","href":"https:\/\/api.w.org\/{rel}","templated":true}]}}