{"id":3020,"date":"2016-09-13T11:29:36","date_gmt":"2016-09-13T17:29:36","guid":{"rendered":"http:\/\/gobernacionaltaverapaz.gob.gt\/?p=3020"},"modified":"2019-04-12T11:40:47","modified_gmt":"2019-04-12T17:40:47","slug":"inauguran-clnica-de-ecocardiografa","status":"publish","type":"post","link":"https:\/\/gobernacionaltaverapaz.gob.gt\/?p=3020","title":{"rendered":"INAUGURAN CL\u00cdNICA DE ECOCARDIOGRAF\u00cdA"},"content":{"rendered":"<p style=\"text-align: justify;\">El pasado lunes, fue inaugurado en el Hospital Regional \u201cHellen Lossi de Lauregurd\u201d, la cl\u00ednica de Ecocardiograf\u00eda, que servir\u00e1 para mejorar el diagn\u00f3stico en los casos de beb\u00e9s que presenten malformaciones cong\u00e9nitas y en personas adultas que sufran problemas cardiol\u00f3gicos.<\/p>\n<p style=\"text-align: justify;\">Esta cl\u00ednica de ecocardiograf\u00eda que funciona desde ya en el Hospital Regional \u201cHellen Lossi de Lauregurd\u201d, ser\u00e1 de gran beneficio para toda la poblaci\u00f3n del departamento de Alta Verapaz, as\u00ed tambi\u00e9n para pacientes del sur de Pet\u00e9n, El Estor, Izabal, e Ixc\u00e1n y Quich\u00e9 entre otros departamentos que son remitidos a este centro asistencial.<br \/>\nAnteriormente, se remit\u00edan a todos los ni\u00f1os con problemas cardiacos a la ciudad capital ya que en la regi\u00f3n no se contaba con una cl\u00ednica especializada que atendiera a esta poblaci\u00f3n.<\/p>\n<p style=\"text-align: justify;\">La Se\u00f1ora Gobernadora de Alta Verapaz, Estela Adelina Ventura Fern\u00e1ndez, manifest\u00f3 que ya se iniciaron las gestiones para iniciar la construcci\u00f3n de la casa materno infantil; donde se podr\u00e1n atender partos de una forma especializada; adem\u00e1s indic\u00f3 que se coordina con los 17 alcaldes de nuestro departamento un aporte para la construcci\u00f3n de otro hospital para la poblaci\u00f3n altaverapacense.<\/p>\n<p style=\"text-align: justify;\">Durante esta inauguraci\u00f3n estuvieron presentes: la Primera Dama de la Naci\u00f3n; Hilda Patricia Marroqu\u00edn de Morales, la Gobernadora del Departamento de Alta Verapaz; Estela Adelina Ventura Fern\u00e1ndez, Alcalde de Cob\u00e1n; Jorge Aroldo C\u00f3rdova Molina, Doctor Marvin Guti\u00e9rrez; Director del Hospital de Cob\u00e1n, Licda. Ingrid Divas; subsecretaria SOSEP, Doctor Francis Robicsek y Fernando Paiz de Fundaci\u00f3n Heineman.<\/p>\n<p>&nbsp;<\/p>\n<div><\/div>\n","protected":false},"excerpt":{"rendered":"<p>Servir\u00e1 para mejorar el diagn\u00f3stico en los casos de beb\u00e9s que presenten malformaciones cong\u00e9nitas y en personas adultas que sufran problemas cardiol\u00f3gicos.<\/p>\n","protected":false},"author":1,"featured_media":3021,"comment_status":"closed","ping_status":"open","sticky":false,"template":"","format":"standard","meta":[],"categories":[199],"tags":[],"_links":{"self":[{"href":"https:\/\/gobernacionaltaverapaz.gob.gt\/index.php?rest_route=\/wp\/v2\/posts\/3020"}],"collection":[{"href":"https:\/\/gobernacionaltaverapaz.gob.gt\/index.php?rest_route=\/wp\/v2\/posts"}],"about":[{"href":"https:\/\/gobernacionaltaverapaz.gob.gt\/index.php?rest_route=\/wp\/v2\/types\/post"}],"author":[{"embeddable":true,"href":"https:\/\/gobernacionaltaverapaz.gob.gt\/index.php?rest_route=\/wp\/v2\/users\/1"}],"replies":[{"embeddable":true,"href":"https:\/\/gobernacionaltaverapaz.gob.gt\/index.php?rest_route=%2Fwp%2Fv2%2Fcomments&post=3020"}],"version-history":[{"count":2,"href":"https:\/\/gobernacionaltaverapaz.gob.gt\/index.php?rest_route=\/wp\/v2\/posts\/3020\/revisions"}],"predecessor-version":[{"id":3025,"href":"https:\/\/gobernacionaltaverapaz.gob.gt\/index.php?rest_route=\/wp\/v2\/posts\/3020\/revisions\/3025"}],"wp:featuredmedia":[{"embeddable":true,"href":"https:\/\/gobernacionaltaverapaz.gob.gt\/index.php?rest_route=\/wp\/v2\/media\/3021"}],"wp:attachment":[{"href":"https:\/\/gobernacionaltaverapaz.gob.gt\/index.php?rest_route=%2Fwp%2Fv2%2Fmedia&parent=3020"}],"wp:term":[{"taxonomy":"category","embeddable":true,"href":"https:\/\/gobernacionaltaverapaz.gob.gt\/index.php?rest_route=%2Fwp%2Fv2%2Fcategories&post=3020"},{"taxonomy":"post_tag","embeddable":true,"href":"https:\/\/gobernacionaltaverapaz.gob.gt\/index.php?rest_route=%2Fwp%2Fv2%2Ftags&post=3020"}],"curies":[{"name":"wp","href":"https:\/\/api.w.org\/{rel}","templated":true}]}}