{"id":3026,"date":"2016-09-08T11:42:38","date_gmt":"2016-09-08T17:42:38","guid":{"rendered":"http:\/\/gobernacionaltaverapaz.gob.gt\/?p=3026"},"modified":"2019-04-12T11:54:34","modified_gmt":"2019-04-12T17:54:34","slug":"visita-al-hospital-regional-de-cobn","status":"publish","type":"post","link":"https:\/\/gobernacionaltaverapaz.gob.gt\/?p=3026","title":{"rendered":"VISITA AL HOSPITAL REGIONAL DE COB\u00c1N"},"content":{"rendered":"<p style=\"text-align: justify;\">La Se\u00f1ora Gobernadora de Alta Verapaz, Estela Adelina Ventura Fern\u00e1ndez visit\u00f3 el Hospital Regional \u201cHellen Lossi de Lauregurd\u201d, para conocer y solicitar informe de los sucesos acontecidos en los \u00faltimos d\u00edas en el tema de salud.<\/p>\n<p style=\"text-align: justify;\">El motivo de su visita adem\u00e1s de rutinaria fue, objetivamente para supervisar y conocer a detalle el caso reportado de seis reci\u00e9n nacidos muertos en ese centro asistencial durante la \u00faltima semana.<br \/>\nEstos lamentables decesos son resultados del desabastecimiento de insumos y medicamentos a causa de la crisis en el sistema de Salud, que no solo afecta nuestro departamento; si no tambi\u00e9n a todo el pa\u00eds.<br \/>\nDesde el inicio de la gesti\u00f3n la Se\u00f1ora Gobernadora de Alta Verapaz, Estela Adelina Ventura Fern\u00e1ndez ha emprendido distintos mecanismos para coadyuvar a que el hospital regional que no solo atiende ciudadanos del departamento de Alta Verapaz sino tambi\u00e9n del sur de Pet\u00e9n, El Estor, Izabal, e Ixc\u00e1n, Quich\u00e9, entre otros; pueda salir cronol\u00f3gicamente de esta crisis por la cual atraviesa.<\/p>\n<p style=\"text-align: justify;\">Es importante resaltar que en el \u00e1rea de neonatos existe un hacinamiento con sobrepoblaci\u00f3n en m\u00e1s del 100%, esto viene a perjudicar las labores que los m\u00e9dicos realizan aunado a la escasez de recursos tanto f\u00edsicos como humanos con la que cuenta el hospital en referencia.<br \/>\n\u201cTengo el compromiso y la responsabilidad con los ciudadanos alta verapacenses para salir de este problema que nos aqueja y que repercute en los m\u00e1s despose\u00eddos; actualmente se gestiona y se coordina que los pocos recursos con los que contamos puedan ser utilizados de forma eficiente y eficaz en el hospital; acompa\u00f1ado del compromiso laboral de nuestros m\u00e9dicos que d\u00eda a d\u00eda se esmeran y desarrollan un papel de h\u00e9roes salvando vidas, a pesar de las precariedades en las que nos encontramos. Creo fielmente en todos ustedes para que juntos salgamos de este bache en el que nos encontramos\u201d, resalto la funcionaria.<br \/>\nDentro de las acciones a corto y mediano plazo se est\u00e1 proponiendo al Ministro de Salud: Abastecer urgentemente de recursos el Centro de atenci\u00f3n materno infantil del municipio de Santa Mar\u00eda Cahab\u00f3n que esta pr\u00f3ximo de inaugurarse, dotar de m\u00e1s recursos al CAIMI del municipio de san Crist\u00f3bal Verapaz, trasladar recursos e insumos f\u00edsicos a los centros de Salud de los municipios de Fray Bartolom\u00e9 de las casas y Santa Catalina La Tinta, todo esto con el objetivo de poder regionalizar y atender a la poblaci\u00f3n que de alguna forma viaja hasta el Hospital Regional de Cob\u00e1n.<\/p>\n<p style=\"text-align: justify;\">Este nosocomio fue inaugurado en 1977, contaba con 170 camas para dar atenci\u00f3n a unos 350 mil pobladores, pero en la actualidad se le debe brindar servicio a un aproximado de 1.5 millones de habitantes con apenas 180 camas, es decir que la atenci\u00f3n se dirige en relaci\u00f3n a 1 cama por cada 10,000 habitantes.<\/p>\n<p>&nbsp;<\/p>\n<div><\/div>\n","protected":false},"excerpt":{"rendered":"<p>El motivo de la visita adem\u00e1s de rutinaria fue para conocer y solicitar informe de los sucesos acontecidos en los \u00faltimos d\u00edas.<\/p>\n","protected":false},"author":1,"featured_media":3027,"comment_status":"closed","ping_status":"open","sticky":false,"template":"","format":"standard","meta":[],"categories":[199],"tags":[],"_links":{"self":[{"href":"https:\/\/gobernacionaltaverapaz.gob.gt\/index.php?rest_route=\/wp\/v2\/posts\/3026"}],"collection":[{"href":"https:\/\/gobernacionaltaverapaz.gob.gt\/index.php?rest_route=\/wp\/v2\/posts"}],"about":[{"href":"https:\/\/gobernacionaltaverapaz.gob.gt\/index.php?rest_route=\/wp\/v2\/types\/post"}],"author":[{"embeddable":true,"href":"https:\/\/gobernacionaltaverapaz.gob.gt\/index.php?rest_route=\/wp\/v2\/users\/1"}],"replies":[{"embeddable":true,"href":"https:\/\/gobernacionaltaverapaz.gob.gt\/index.php?rest_route=%2Fwp%2Fv2%2Fcomments&post=3026"}],"version-history":[{"count":3,"href":"https:\/\/gobernacionaltaverapaz.gob.gt\/index.php?rest_route=\/wp\/v2\/posts\/3026\/revisions"}],"predecessor-version":[{"id":3032,"href":"https:\/\/gobernacionaltaverapaz.gob.gt\/index.php?rest_route=\/wp\/v2\/posts\/3026\/revisions\/3032"}],"wp:featuredmedia":[{"embeddable":true,"href":"https:\/\/gobernacionaltaverapaz.gob.gt\/index.php?rest_route=\/wp\/v2\/media\/3027"}],"wp:attachment":[{"href":"https:\/\/gobernacionaltaverapaz.gob.gt\/index.php?rest_route=%2Fwp%2Fv2%2Fmedia&parent=3026"}],"wp:term":[{"taxonomy":"category","embeddable":true,"href":"https:\/\/gobernacionaltaverapaz.gob.gt\/index.php?rest_route=%2Fwp%2Fv2%2Fcategories&post=3026"},{"taxonomy":"post_tag","embeddable":true,"href":"https:\/\/gobernacionaltaverapaz.gob.gt\/index.php?rest_route=%2Fwp%2Fv2%2Ftags&post=3026"}],"curies":[{"name":"wp","href":"https:\/\/api.w.org\/{rel}","templated":true}]}}