{"id":3041,"date":"2016-07-12T12:08:47","date_gmt":"2016-07-12T18:08:47","guid":{"rendered":"http:\/\/gobernacionaltaverapaz.gob.gt\/?p=3041"},"modified":"2019-04-12T12:23:08","modified_gmt":"2019-04-12T18:23:08","slug":"inauguracin-de-la-oficina-de-proteccin-para-la-niez-la-adolescencia","status":"publish","type":"post","link":"https:\/\/gobernacionaltaverapaz.gob.gt\/?p=3041","title":{"rendered":"INAUGURACI\u00d3N DE LA OFICINA DE PROTECCI\u00d3N PARA LA NI\u00d1EZ Y LA ADOLESCENCIA"},"content":{"rendered":"<p style=\"text-align: justify;\">El d\u00eda 11 de julio se llev\u00f3 a cabo la apertura de la Oficina Departamental de Protecci\u00f3n Especial a la Ni\u00f1ez y Adolescencia, que tiene como objetivo brindar servicios de manera oportuna, de calidad y con pertinencia cultural en el departamento de Alta Verapaz.<\/p>\n<p style=\"text-align: justify;\">La unidad de Protecci\u00f3n Especial a la Ni\u00f1ez y Adolescencia, es un servicio p\u00fablico de la gobernaci\u00f3n departamental que promueve la coordinaci\u00f3n interinstitucional e intersectorial para la articulaci\u00f3n del sistema departamental de protecci\u00f3n y al mismo tiempo asegurar la prevenci\u00f3n y detecci\u00f3n de casos.<br \/>\nLa situaci\u00f3n de violencia sexual que enfrentan cientos de ni\u00f1as y adolescentes en Guatemala es alarmante, muchas de ellas cada d\u00eda se convierten en madres, una condici\u00f3n que ni f\u00edsica, mental y emocionalmente es natural. Tan s\u00f3lo durante el primer trimestre del a\u00f1o 2016 El Registro Nacional de la Personas -RENAP- registr\u00f3 687 nacimientos como resultado de la violencia sexual que las ni\u00f1as y adolescentes enfrentan. (Informaci\u00f3n del Refugio de la Ni\u00f1ez).<\/p>\n<p style=\"text-align: justify;\">Seg\u00fan la Se\u00f1ora Gobernadora Estela Adelina Ventura, manifest\u00f3 \u201cSomos la primera oficina departamental que se abre a nivel nacional, para darle atenci\u00f3n y protecci\u00f3n a la Ni\u00f1ez y a la Adolescencia. La funci\u00f3n de esta oficina ser\u00e1 recibir informaci\u00f3n, dar asesor\u00edas, coordinar y articular informaci\u00f3n con todas las instituciones para dar apoyo a las personas\u201d<\/p>\n<p>&nbsp;<\/p>\n<div><\/div>\n","protected":false},"excerpt":{"rendered":"<p>La funci\u00f3n de esta oficina ser\u00e1 recibir informaci\u00f3n, dar asesor\u00edas, coordinar y articular informaci\u00f3n con todas las instituciones para dar apoyo a las personas.<\/p>\n","protected":false},"author":1,"featured_media":3042,"comment_status":"closed","ping_status":"open","sticky":false,"template":"","format":"standard","meta":[],"categories":[199],"tags":[],"_links":{"self":[{"href":"https:\/\/gobernacionaltaverapaz.gob.gt\/index.php?rest_route=\/wp\/v2\/posts\/3041"}],"collection":[{"href":"https:\/\/gobernacionaltaverapaz.gob.gt\/index.php?rest_route=\/wp\/v2\/posts"}],"about":[{"href":"https:\/\/gobernacionaltaverapaz.gob.gt\/index.php?rest_route=\/wp\/v2\/types\/post"}],"author":[{"embeddable":true,"href":"https:\/\/gobernacionaltaverapaz.gob.gt\/index.php?rest_route=\/wp\/v2\/users\/1"}],"replies":[{"embeddable":true,"href":"https:\/\/gobernacionaltaverapaz.gob.gt\/index.php?rest_route=%2Fwp%2Fv2%2Fcomments&post=3041"}],"version-history":[{"count":3,"href":"https:\/\/gobernacionaltaverapaz.gob.gt\/index.php?rest_route=\/wp\/v2\/posts\/3041\/revisions"}],"predecessor-version":[{"id":3047,"href":"https:\/\/gobernacionaltaverapaz.gob.gt\/index.php?rest_route=\/wp\/v2\/posts\/3041\/revisions\/3047"}],"wp:featuredmedia":[{"embeddable":true,"href":"https:\/\/gobernacionaltaverapaz.gob.gt\/index.php?rest_route=\/wp\/v2\/media\/3042"}],"wp:attachment":[{"href":"https:\/\/gobernacionaltaverapaz.gob.gt\/index.php?rest_route=%2Fwp%2Fv2%2Fmedia&parent=3041"}],"wp:term":[{"taxonomy":"category","embeddable":true,"href":"https:\/\/gobernacionaltaverapaz.gob.gt\/index.php?rest_route=%2Fwp%2Fv2%2Fcategories&post=3041"},{"taxonomy":"post_tag","embeddable":true,"href":"https:\/\/gobernacionaltaverapaz.gob.gt\/index.php?rest_route=%2Fwp%2Fv2%2Ftags&post=3041"}],"curies":[{"name":"wp","href":"https:\/\/api.w.org\/{rel}","templated":true}]}}