{"id":3048,"date":"2016-07-27T12:24:17","date_gmt":"2016-07-27T18:24:17","guid":{"rendered":"http:\/\/gobernacionaltaverapaz.gob.gt\/?p=3048"},"modified":"2019-04-12T12:27:37","modified_gmt":"2019-04-12T18:27:37","slug":"tercer-encuentro-de-gobernadores-en-alta-verapaz","status":"publish","type":"post","link":"https:\/\/gobernacionaltaverapaz.gob.gt\/?p=3048","title":{"rendered":"TERCER ENCUENTRO DE GOBERNADORES EN ALTA VERAPAZ"},"content":{"rendered":"<p style=\"text-align: justify;\">El III Encuentro de Gobernadores Departamentales tiene como objetivo fortalecer \u00e1reas administrativas, financieras y log\u00edsticas que le permitan realizar de la mejor manera sus funciones, en cuanto a administraci\u00f3n p\u00fablica se trata.<br \/>\nPor medio de este encuentro, cada gobernador tendr\u00e1 la oportunidad de profundizar mejor los lineamientos te\u00f3ricos y pr\u00e1cticos para el desempe\u00f1o de su cargo y al mismo tiempo posicionarse como autoridad departamental y mejorar las relaciones del poder local ante otras autoridades y la sociedad civil.<br \/>\nEntre los temas a tratar durante el III Encuentro estar\u00e1: Metodolog\u00eda para la atenci\u00f3n de la conflictividad social y territorial, Instrumentos para el financiamiento del departamento, Principios y modelos de gesti\u00f3n p\u00fablica aplicables en las gobernaciones departamentales, entre otros temas.<\/p>\n","protected":false},"excerpt":{"rendered":"<p>Tiene como objetivo fortalecer \u00e1reas administrativas, financieras y log\u00edsticas que le permitan realizar de la mejor manera sus funciones, en cuanto a administraci\u00f3n p\u00fablica se trata.<\/p>\n","protected":false},"author":1,"featured_media":3049,"comment_status":"closed","ping_status":"open","sticky":false,"template":"","format":"standard","meta":[],"categories":[199],"tags":[],"_links":{"self":[{"href":"https:\/\/gobernacionaltaverapaz.gob.gt\/index.php?rest_route=\/wp\/v2\/posts\/3048"}],"collection":[{"href":"https:\/\/gobernacionaltaverapaz.gob.gt\/index.php?rest_route=\/wp\/v2\/posts"}],"about":[{"href":"https:\/\/gobernacionaltaverapaz.gob.gt\/index.php?rest_route=\/wp\/v2\/types\/post"}],"author":[{"embeddable":true,"href":"https:\/\/gobernacionaltaverapaz.gob.gt\/index.php?rest_route=\/wp\/v2\/users\/1"}],"replies":[{"embeddable":true,"href":"https:\/\/gobernacionaltaverapaz.gob.gt\/index.php?rest_route=%2Fwp%2Fv2%2Fcomments&post=3048"}],"version-history":[{"count":1,"href":"https:\/\/gobernacionaltaverapaz.gob.gt\/index.php?rest_route=\/wp\/v2\/posts\/3048\/revisions"}],"predecessor-version":[{"id":3050,"href":"https:\/\/gobernacionaltaverapaz.gob.gt\/index.php?rest_route=\/wp\/v2\/posts\/3048\/revisions\/3050"}],"wp:featuredmedia":[{"embeddable":true,"href":"https:\/\/gobernacionaltaverapaz.gob.gt\/index.php?rest_route=\/wp\/v2\/media\/3049"}],"wp:attachment":[{"href":"https:\/\/gobernacionaltaverapaz.gob.gt\/index.php?rest_route=%2Fwp%2Fv2%2Fmedia&parent=3048"}],"wp:term":[{"taxonomy":"category","embeddable":true,"href":"https:\/\/gobernacionaltaverapaz.gob.gt\/index.php?rest_route=%2Fwp%2Fv2%2Fcategories&post=3048"},{"taxonomy":"post_tag","embeddable":true,"href":"https:\/\/gobernacionaltaverapaz.gob.gt\/index.php?rest_route=%2Fwp%2Fv2%2Ftags&post=3048"}],"curies":[{"name":"wp","href":"https:\/\/api.w.org\/{rel}","templated":true}]}}