{"id":3051,"date":"2016-06-03T12:34:37","date_gmt":"2016-06-03T18:34:37","guid":{"rendered":"http:\/\/gobernacionaltaverapaz.gob.gt\/?p=3051"},"modified":"2019-04-12T12:50:02","modified_gmt":"2019-04-12T18:50:02","slug":"encuentro-de-alcaldes-municipales","status":"publish","type":"post","link":"https:\/\/gobernacionaltaverapaz.gob.gt\/?p=3051","title":{"rendered":"I ENCUENTRO DE ALCALDES MUNICIPALES"},"content":{"rendered":"<p style=\"text-align: justify;\">El fondo de las Naciones Unidas para la infancia, Unicef y la asociaci\u00f3n \u201cRefugio de la Ni\u00f1ez\u201d se reunieron con alcaldes y sus esposas el 27 de mayo en el Sal\u00f3n las Banderas de Gobernaci\u00f3n de Alta Verapaz con el objetivo de promover el compromiso pol\u00edtico con alcaldes municipales para liderar la implementaci\u00f3n y fortalecimiento de los Sistemas Municipales de Protecci\u00f3n de la Ni\u00f1ez y Adolescencia en el Departamento de Alta Verapaz.<\/p>\n<p style=\"text-align: justify;\">\nSeg\u00fan datos brindados por el Ministerio P\u00fablico, durante el a\u00f1o 2015 se recibieron un total de 2,918 denuncias de casos donde se vulneraron o violentaron los derechos de los ni\u00f1os, ni\u00f1as y adolescentes, un aproximado de 9 denuncias por d\u00eda se recibieron en el departamento de Alta Verapaz.<\/p>\n<p style=\"text-align: justify;\">Presentaci\u00f3n de datos estad\u00edsticos.<br \/>\nAnte tal situaci\u00f3n la Asociaci\u00f3n \u201cEl Refugio de la Ni\u00f1ez\u201d conjuntamente con Unicef, han promovido la implementaci\u00f3n de los sistemas Municipales de protecci\u00f3n a la Ni\u00f1ez y adolescencia desde el 2012 en alta Verapaz, trabajando de la mano con autoridades municipales.<\/p>\n<p style=\"text-align: justify;\">Durante la actividad, los alcaldes de Senah\u00fa, Santa Catalina La Tinta, Cob\u00e1n, San Miguel Tucur\u00fa, Chahal, Chisec y San Pablo Tamah\u00fa realizaron una serie de compromisos para apoyar a la Asociaci\u00f3n Refugio de la Ni\u00f1ez y Unicef, en cuanto a la protecci\u00f3n a la ni\u00f1ez.<\/p>\n<p>&nbsp;<\/p>\n<div><\/div>\n","protected":false},"excerpt":{"rendered":"<p>Se reunieron con el objetivo de promover el compromiso pol\u00edtico para liderar la implementaci\u00f3n y fortalecimiento de los Sistemas Municipales de Protecci\u00f3n de la Ni\u00f1ez y Adolescencia en el Departamento de Alta Verapaz.<\/p>\n","protected":false},"author":1,"featured_media":3052,"comment_status":"closed","ping_status":"open","sticky":false,"template":"","format":"standard","meta":[],"categories":[199],"tags":[],"_links":{"self":[{"href":"https:\/\/gobernacionaltaverapaz.gob.gt\/index.php?rest_route=\/wp\/v2\/posts\/3051"}],"collection":[{"href":"https:\/\/gobernacionaltaverapaz.gob.gt\/index.php?rest_route=\/wp\/v2\/posts"}],"about":[{"href":"https:\/\/gobernacionaltaverapaz.gob.gt\/index.php?rest_route=\/wp\/v2\/types\/post"}],"author":[{"embeddable":true,"href":"https:\/\/gobernacionaltaverapaz.gob.gt\/index.php?rest_route=\/wp\/v2\/users\/1"}],"replies":[{"embeddable":true,"href":"https:\/\/gobernacionaltaverapaz.gob.gt\/index.php?rest_route=%2Fwp%2Fv2%2Fcomments&post=3051"}],"version-history":[{"count":4,"href":"https:\/\/gobernacionaltaverapaz.gob.gt\/index.php?rest_route=\/wp\/v2\/posts\/3051\/revisions"}],"predecessor-version":[{"id":3058,"href":"https:\/\/gobernacionaltaverapaz.gob.gt\/index.php?rest_route=\/wp\/v2\/posts\/3051\/revisions\/3058"}],"wp:featuredmedia":[{"embeddable":true,"href":"https:\/\/gobernacionaltaverapaz.gob.gt\/index.php?rest_route=\/wp\/v2\/media\/3052"}],"wp:attachment":[{"href":"https:\/\/gobernacionaltaverapaz.gob.gt\/index.php?rest_route=%2Fwp%2Fv2%2Fmedia&parent=3051"}],"wp:term":[{"taxonomy":"category","embeddable":true,"href":"https:\/\/gobernacionaltaverapaz.gob.gt\/index.php?rest_route=%2Fwp%2Fv2%2Fcategories&post=3051"},{"taxonomy":"post_tag","embeddable":true,"href":"https:\/\/gobernacionaltaverapaz.gob.gt\/index.php?rest_route=%2Fwp%2Fv2%2Ftags&post=3051"}],"curies":[{"name":"wp","href":"https:\/\/api.w.org\/{rel}","templated":true}]}}