{"id":3065,"date":"2016-05-30T14:16:19","date_gmt":"2016-05-30T20:16:19","guid":{"rendered":"http:\/\/gobernacionaltaverapaz.gob.gt\/?p=3065"},"modified":"2019-04-12T14:42:02","modified_gmt":"2019-04-12T20:42:02","slug":"presentacin-del-acuerdo-ministerial-642016","status":"publish","type":"post","link":"https:\/\/gobernacionaltaverapaz.gob.gt\/?p=3065","title":{"rendered":"PRESENTACI\u00d3N DEL ACUERDO MINISTERIAL 64-2016"},"content":{"rendered":"<p style=\"text-align: justify;\">El pasado 27 de mayo durante la sesi\u00f3n del Consejo Departamental de Desarrollo de Alta Verapaz, fue presentado el Acuerdo Ministerial N\u00famero 64-2016 y el Plan de implementaci\u00f3n \u201cCentro Preventivo para Mujeres\u201d. Con este, se implementar\u00e1 el Modelo Institucional de atenci\u00f3n a ni\u00f1as, ni\u00f1os y adolescentes vinculados a personas privadas de libertad, mujeres privadas de libertad y guardias penitenciarias, impulsado por \u201cColectivo Artesana\u201d con apoyo del Fondo de las Naciones Unidas para la Infancia (Unicef por sus siglas en ingl\u00e9s), y en el que participa el Ministerio de Gobernaci\u00f3n, a trav\u00e9s del Sistema Penitenciario.<\/p>\n<p style=\"text-align: justify;\">El colectivo Artesana, es una organizaci\u00f3n integrado por mujeres, artistas, deportistas y profesionales que trabajan con mujeres privadas de libertad y sus familias. Durante el 2008 por medio de un programa llamado \u201cArte y Expresi\u00f3n\u201d realizadas con 150 mujeres en el Centro Preventivo de Santa Teresa, cuyo objetivo fue desarrollar las capacidades expresivas de las mujeres privadas de libertad y al mismo tiempo les permitiera conocer el potencial humano que hay en cada una y con las de su entorno.<\/p>\n<p style=\"text-align: justify;\">Presentaci\u00f3n del Acuerdo Ministerial 64-2016<br \/>\nAndrea Barrios, coordinadora General del Colectivo Artesana, mencion\u00f3 que el objetivo del Acuerdo es, que para las privadas de libertad, desde el momento de su detenci\u00f3n sepan qu\u00e9 pasar\u00e1 con sus hijos. Adem\u00e1s, dentro de las c\u00e1rceles se puedan crear espacios especiales para que los menores y adolescentes que llegan a visitar a alg\u00fan familiar recluido, lo hagan sin necesidad de tener que ingresar a los centros penales. Tambi\u00e9n, que se proteja sus derechos y no pasen por el registro general y que asignen personal calificado para que de protecci\u00f3n a los ni\u00f1os, ni\u00f1as y adolescentes desde que son recibidos hasta si hay alg\u00fan mot\u00edn durante la hora de visitas.<br \/>\nEl director General del sistema Penitenciario de Hombres y mujeres Doctor Carlos de Le\u00f3n se refiri\u00f3 \u201cEste Plan ser\u00e1 de beneficio para las ni\u00f1ez y la seguridad ciudadana, afectar\u00e1 de manera positiva en la sociedad ya que los hijos de las privadas de libertad ser\u00e1n tratados de forma t\u00e9cnica y adecuada, debido a que la situaci\u00f3n de sus padres pueda afectarles negativamente en su desarrollo, por ello es importante que como autoridades podamos influir de manera positiva en la vida de estos ni\u00f1os\u201d Puntualiz\u00f3.<\/p>\n<p style=\"text-align: justify;\">El Acuerdo busca atender a la poblaci\u00f3n m\u00e1s vulnerable, los menores, sobre todo los que tienen a su padre o madre detenidos por alg\u00fan delito.<\/p>\n<p>&nbsp;<\/p>\n<div><\/div>\n","protected":false},"excerpt":{"rendered":"<p>El Acuerdo busca atender a la poblaci\u00f3n m\u00e1s vulnerable, los menores, sobre todo los que tienen a su padre o madre detenidos por alg\u00fan delito.<\/p>\n","protected":false},"author":1,"featured_media":3066,"comment_status":"closed","ping_status":"open","sticky":false,"template":"","format":"standard","meta":[],"categories":[199],"tags":[],"_links":{"self":[{"href":"https:\/\/gobernacionaltaverapaz.gob.gt\/index.php?rest_route=\/wp\/v2\/posts\/3065"}],"collection":[{"href":"https:\/\/gobernacionaltaverapaz.gob.gt\/index.php?rest_route=\/wp\/v2\/posts"}],"about":[{"href":"https:\/\/gobernacionaltaverapaz.gob.gt\/index.php?rest_route=\/wp\/v2\/types\/post"}],"author":[{"embeddable":true,"href":"https:\/\/gobernacionaltaverapaz.gob.gt\/index.php?rest_route=\/wp\/v2\/users\/1"}],"replies":[{"embeddable":true,"href":"https:\/\/gobernacionaltaverapaz.gob.gt\/index.php?rest_route=%2Fwp%2Fv2%2Fcomments&post=3065"}],"version-history":[{"count":2,"href":"https:\/\/gobernacionaltaverapaz.gob.gt\/index.php?rest_route=\/wp\/v2\/posts\/3065\/revisions"}],"predecessor-version":[{"id":3070,"href":"https:\/\/gobernacionaltaverapaz.gob.gt\/index.php?rest_route=\/wp\/v2\/posts\/3065\/revisions\/3070"}],"wp:featuredmedia":[{"embeddable":true,"href":"https:\/\/gobernacionaltaverapaz.gob.gt\/index.php?rest_route=\/wp\/v2\/media\/3066"}],"wp:attachment":[{"href":"https:\/\/gobernacionaltaverapaz.gob.gt\/index.php?rest_route=%2Fwp%2Fv2%2Fmedia&parent=3065"}],"wp:term":[{"taxonomy":"category","embeddable":true,"href":"https:\/\/gobernacionaltaverapaz.gob.gt\/index.php?rest_route=%2Fwp%2Fv2%2Fcategories&post=3065"},{"taxonomy":"post_tag","embeddable":true,"href":"https:\/\/gobernacionaltaverapaz.gob.gt\/index.php?rest_route=%2Fwp%2Fv2%2Ftags&post=3065"}],"curies":[{"name":"wp","href":"https:\/\/api.w.org\/{rel}","templated":true}]}}