{"id":3071,"date":"2016-05-25T14:43:08","date_gmt":"2016-05-25T20:43:08","guid":{"rendered":"http:\/\/gobernacionaltaverapaz.gob.gt\/?p=3071"},"modified":"2019-04-12T15:47:27","modified_gmt":"2019-04-12T21:47:27","slug":"segundo-encuentro-de-gobernadores","status":"publish","type":"post","link":"https:\/\/gobernacionaltaverapaz.gob.gt\/?p=3071","title":{"rendered":"SEGUNDO ENCUENTRO DE GOBERNADORES"},"content":{"rendered":"<p style=\"text-align: justify;\">El objetivo principal de los encuentros de gobernadores, es brindar herramientas t\u00e9cnicas, administrativas, financieras, pol\u00edticas y log\u00edsticas a los representantes de cada departamento con el fin de permitirles realizar de una mejor manera las funciones relativas a su administraci\u00f3n, buscando el desarrollo de territorial y el acompa\u00f1amiento de las instituciones de Estado, organizaciones sociales y de la iniciativa privada.<\/p>\n<p style=\"text-align: justify;\">Los temas a desarrollar, durante los d\u00edas 24 y 25 de mayo, en este encuentro de capacitaci\u00f3n fue: Transparencia, administraci\u00f3n p\u00fablica y conflictividad social, seguridad y prevenci\u00f3n. El Doctor Rolando Castillo, asesor del despacho Ministerial indic\u00f3 que esta actividad es para dar continuidad a la primera reuni\u00f3n realizada en el mes de marzo en la ciudad de Guatemala.<br \/>\n\u201cEl objetivo es trasladarle a los gobernadores las herramientas que les sirvan para su administraci\u00f3n y la ejecuci\u00f3n de pol\u00edticas p\u00fablicas, para promover el acercamiento y vinculaci\u00f3n con l\u00edderes comunitarios y as\u00ed atender las necesidades de sus comunidades, municipios y departamentos\u201d, puntualiz\u00f3 Castillo<\/p>\n<p style=\"text-align: justify;\">Participaci\u00f3n de los Gobernadores Departamentales<br \/>\nSeg\u00fan El art\u00edculo 36 de la Ley del Organismo Ejecutivo, refiere que al Ministerio de Gobernaci\u00f3n le corresponde formular las pol\u00edticas, cumplir y hacer cumplir el r\u00e9gimen jur\u00eddico relativo al mantenimiento de la paz y el orden, la seguridad de las personas y sus bienes y la garant\u00eda de sus derechos. Dentro de las funciones, en el inciso i, consigna que el ministro de Gobernaci\u00f3n debe representar al Presidente en el seno de la administraci\u00f3n p\u00fablica y coordinar sus relaciones con los gobernadores departamentales. Es decir, los gobernadores antes de recurrir al mandatario, deben agotar la v\u00eda del ministro de Gobernaci\u00f3n, que ser\u00e1 el enlace para las relaciones necesarias dentro de la administraci\u00f3n p\u00fablica y su territorialidad.<br \/>\nCon informaci\u00f3n de Ministerio de Gobernaci\u00f3n.-<\/p>\n<p>&nbsp;<\/p>\n<div><\/div>\n","protected":false},"excerpt":{"rendered":"<p>Los temas a desarrollar, durante este encuentro de capacitaci\u00f3n fue: Transparencia, administraci\u00f3n p\u00fablica y conflictividad social, seguridad y prevenci\u00f3n.<\/p>\n","protected":false},"author":1,"featured_media":3072,"comment_status":"closed","ping_status":"open","sticky":false,"template":"","format":"standard","meta":[],"categories":[199],"tags":[],"_links":{"self":[{"href":"https:\/\/gobernacionaltaverapaz.gob.gt\/index.php?rest_route=\/wp\/v2\/posts\/3071"}],"collection":[{"href":"https:\/\/gobernacionaltaverapaz.gob.gt\/index.php?rest_route=\/wp\/v2\/posts"}],"about":[{"href":"https:\/\/gobernacionaltaverapaz.gob.gt\/index.php?rest_route=\/wp\/v2\/types\/post"}],"author":[{"embeddable":true,"href":"https:\/\/gobernacionaltaverapaz.gob.gt\/index.php?rest_route=\/wp\/v2\/users\/1"}],"replies":[{"embeddable":true,"href":"https:\/\/gobernacionaltaverapaz.gob.gt\/index.php?rest_route=%2Fwp%2Fv2%2Fcomments&post=3071"}],"version-history":[{"count":2,"href":"https:\/\/gobernacionaltaverapaz.gob.gt\/index.php?rest_route=\/wp\/v2\/posts\/3071\/revisions"}],"predecessor-version":[{"id":3075,"href":"https:\/\/gobernacionaltaverapaz.gob.gt\/index.php?rest_route=\/wp\/v2\/posts\/3071\/revisions\/3075"}],"wp:featuredmedia":[{"embeddable":true,"href":"https:\/\/gobernacionaltaverapaz.gob.gt\/index.php?rest_route=\/wp\/v2\/media\/3072"}],"wp:attachment":[{"href":"https:\/\/gobernacionaltaverapaz.gob.gt\/index.php?rest_route=%2Fwp%2Fv2%2Fmedia&parent=3071"}],"wp:term":[{"taxonomy":"category","embeddable":true,"href":"https:\/\/gobernacionaltaverapaz.gob.gt\/index.php?rest_route=%2Fwp%2Fv2%2Fcategories&post=3071"},{"taxonomy":"post_tag","embeddable":true,"href":"https:\/\/gobernacionaltaverapaz.gob.gt\/index.php?rest_route=%2Fwp%2Fv2%2Ftags&post=3071"}],"curies":[{"name":"wp","href":"https:\/\/api.w.org\/{rel}","templated":true}]}}