{"id":3076,"date":"2016-05-18T15:51:07","date_gmt":"2016-05-18T21:51:07","guid":{"rendered":"http:\/\/gobernacionaltaverapaz.gob.gt\/?p=3076"},"modified":"2019-04-12T16:00:09","modified_gmt":"2019-04-12T22:00:09","slug":"dilogo-nacional-hacia-la-reforma-de-la-justicia-en-guatemala","status":"publish","type":"post","link":"https:\/\/gobernacionaltaverapaz.gob.gt\/?p=3076","title":{"rendered":"DI\u00c1LOGO NACIONAL: HACIA LA REFORMA DE LA JUSTICIA EN GUATEMALA"},"content":{"rendered":"<p style=\"text-align: justify;\">La necesidad de transformar el sistema de justicia del pa\u00eds, motiv\u00f3 a los tres poderes del Estado Organismo Ejecutivo, Legislativo y Judicial a convocar al Dialogo Nacional: Hacia la Reforma de la justicia. Este Dialogo tiene como fin promover la discusi\u00f3n, aprobaci\u00f3n e implementaci\u00f3n de reformas concretas al sistema de justicia que contribuyan a la lucha contra la impunidad y contra la corrupci\u00f3n, garantizando la independencia judicial y el fortalecimiento de la institucionalidad; as\u00ed tambi\u00e9n el lanzamiento de la discusi\u00f3n sobre la reforma constitucional en materia de justicia y texto consensuado, adem\u00e1s de ello, el impulso a la aprobaci\u00f3n inmediata de las reformas elaboradas y discutidas, estableciendo mecanismos para desarrollar nuevas reformas que sean estrat\u00e9gicas para la transformaci\u00f3n del sistema de justicia.<\/p>\n<p style=\"text-align: justify;\">Dicho di\u00e1logo se llev\u00f3 a cabo el pasado 13 de mayo en el departamento de Alta Verapaz donde estuvieron presentes: Ana Mar\u00eda Upegui; representante de la Oficina del Alto Comisionado de Naciones Unidas para los Derechos Humanos en Guatemala, Jorge de Le\u00f3n Duque; Procurador de los Derechos Humanos, Carlos Mart\u00ednez; Secretario General de la Presidencia de la Rep\u00fablica, Ranulfo Rafael Rojas Cetina; Presidente del Organismo Judicial, Thelma Esperanza Aldana Hern\u00e1ndez, Fiscal General de la Rep\u00fablica y Carmen Rosa de Villa, Comisionada adjunta de la Comisi\u00f3n Internacional contra la impunidad en Guatemala.<\/p>\n<p style=\"text-align: justify;\">La Fiscal General manifest\u00f3 su agradecimiento a todas las personas que se hicieron presentes al Di\u00e1logo y atender la participaci\u00f3n para la Reforma del Sector Justicia. \u201cLa primera pregunta que debemos hacernos al momento de involucrarnos en este di\u00e1logo nacional es: analizar si el sistema de justicia que tiene Guatemala en este momento hist\u00f3rico del pa\u00eds, es el id\u00f3neo, es el adecuado o al contrario vemos debilidades y en consecuencia debemos analizar esas causas de la debilidad del sistema de justicia. Cuando hablamos de un sistema, nos estamos refiriendo a diversas entidades del sector justicia, como: Polic\u00eda Nacional Civil, Instituto Nacional de Ciencias Forenses, Instituto Nacional de Defensa P\u00fablica Penal, Tribunales de Justicia y Ministerio P\u00fablico; todas estas entidades deber\u00edan de funcionar como una cadena y estar fortalecidas, sin embargo, debemos de reconocer que en este momento todas est\u00e1n debilitadas\u201d, puntualiz\u00f3 la Jefa del Ministerio P\u00fablico.<\/p>\n<p style=\"text-align: justify;\">Al finalizar las mesas de di\u00e1logo, cada representante presento su propuesta de grupo a la Fiscal General, Thelma Aldana, donde ella misma estuvo presente en unas mesas de discusi\u00f3n.<\/p>\n<p>&nbsp;<\/p>\n<div><\/div>\n","protected":false},"excerpt":{"rendered":"<p>Este Dialogo tiene como fin promover la discusi\u00f3n, aprobaci\u00f3n e implementaci\u00f3n de reformas concretas al sistema de justicia que contribuyan a la lucha contra la impunidad y contra la corrupci\u00f3n, garantizando la independencia judicial y el fortalecimiento de la institucionalidad.<\/p>\n","protected":false},"author":1,"featured_media":3077,"comment_status":"closed","ping_status":"open","sticky":false,"template":"","format":"standard","meta":[],"categories":[199],"tags":[],"_links":{"self":[{"href":"https:\/\/gobernacionaltaverapaz.gob.gt\/index.php?rest_route=\/wp\/v2\/posts\/3076"}],"collection":[{"href":"https:\/\/gobernacionaltaverapaz.gob.gt\/index.php?rest_route=\/wp\/v2\/posts"}],"about":[{"href":"https:\/\/gobernacionaltaverapaz.gob.gt\/index.php?rest_route=\/wp\/v2\/types\/post"}],"author":[{"embeddable":true,"href":"https:\/\/gobernacionaltaverapaz.gob.gt\/index.php?rest_route=\/wp\/v2\/users\/1"}],"replies":[{"embeddable":true,"href":"https:\/\/gobernacionaltaverapaz.gob.gt\/index.php?rest_route=%2Fwp%2Fv2%2Fcomments&post=3076"}],"version-history":[{"count":2,"href":"https:\/\/gobernacionaltaverapaz.gob.gt\/index.php?rest_route=\/wp\/v2\/posts\/3076\/revisions"}],"predecessor-version":[{"id":3082,"href":"https:\/\/gobernacionaltaverapaz.gob.gt\/index.php?rest_route=\/wp\/v2\/posts\/3076\/revisions\/3082"}],"wp:featuredmedia":[{"embeddable":true,"href":"https:\/\/gobernacionaltaverapaz.gob.gt\/index.php?rest_route=\/wp\/v2\/media\/3077"}],"wp:attachment":[{"href":"https:\/\/gobernacionaltaverapaz.gob.gt\/index.php?rest_route=%2Fwp%2Fv2%2Fmedia&parent=3076"}],"wp:term":[{"taxonomy":"category","embeddable":true,"href":"https:\/\/gobernacionaltaverapaz.gob.gt\/index.php?rest_route=%2Fwp%2Fv2%2Fcategories&post=3076"},{"taxonomy":"post_tag","embeddable":true,"href":"https:\/\/gobernacionaltaverapaz.gob.gt\/index.php?rest_route=%2Fwp%2Fv2%2Ftags&post=3076"}],"curies":[{"name":"wp","href":"https:\/\/api.w.org\/{rel}","templated":true}]}}