{"id":3083,"date":"2016-05-17T16:05:35","date_gmt":"2016-05-17T22:05:35","guid":{"rendered":"http:\/\/gobernacionaltaverapaz.gob.gt\/?p=3083"},"modified":"2019-04-12T16:25:22","modified_gmt":"2019-04-12T22:25:22","slug":"segunda-fase-del-proyecto-de-la-fundacin-mac-en-filipinas-rise","status":"publish","type":"post","link":"https:\/\/gobernacionaltaverapaz.gob.gt\/?p=3083","title":{"rendered":"SEGUNDA FASE DEL PROYECTO DE LA FUNDACI\u00d3N MAC EN FILIPINAS &#8220;RISE UP&#8221;"},"content":{"rendered":"<p style=\"text-align: justify;\">El pasado 13 de mayo, la se\u00f1ora gobernadora Estela Adelina Ventura, particip\u00f3 en el lanzamiento del proyecto Rise-Up Fase II: Construyendo Resiliencia de familias productoras, que tiene por objetivo fortalecer las capacidades de gesti\u00f3n de riesgo y preparaci\u00f3n para desastres de 4,200 familias rurales de Alta Verapaz.<\/p>\n<p style=\"text-align: justify;\">Este proyecto se realiza en las comunidades por medio de procesos de capacitaci\u00f3n, asistencia t\u00e9cnica y dotaci\u00f3n de recursos para sustentar sus medios de vida y aumentar su resiliencia. Actualmente Heifer International en Guatemala da respaldo al trabajo de las organizaciones de primer y segundo nivel, promueven el desarrollo comunitario bajo la perspectiva de sistemas alimentarios y se prioriza el fortalecimiento y generaci\u00f3n de capacidades locales; el acceso y gesti\u00f3n a los recursos productivos y naturales; la producci\u00f3n agro ecol\u00f3gica en el marco del respeto y valoraci\u00f3n a la diversidad y riqueza \u00e9tnica y cultural.<br \/>\nEste proyecto de segunda fase se centra en la reconstrucci\u00f3n y rehabilitaci\u00f3n de desastres naturales, durante la segunda fase incluir\u00e1 un componente central de sustento mediante el suministro de semillas, cultivos, ganado y formaci\u00f3n para las familias de peque\u00f1os agricultores y la aplicaci\u00f3n de la metodolog\u00eda \u201cDesastres en la comunidad Gestionado Reducci\u00f3n de Riesgo\u201d, para asegurar que las familias de agricultores aumenten su gesti\u00f3n de riesgos en la preparaci\u00f3n y capacidad de recuperaci\u00f3n a la respuesta despu\u00e9s de los desastres naturales.<\/p>\n<p>Los municipios que fueron clasificados en el nivel de riesgo m\u00e1s alto y se consideraran altamente vulnerables, especialmente para las inundaciones, deslizamientos de tierra y huracanes son los municipios de Chahal, Raxuh\u00e1, Chisec, Tucur\u00fa, Senah\u00fa, la Tinta y Panzos.<\/p>\n<p>En cuanto al tema la Gobernadora Departamental manifest\u00f3 que: \u201cEn el \u00e1rea y por la geograf\u00eda del departamento de Alta Verapaz, estamos muy necesitados en erradicar el hambre, la pobreza y al mismo tiempo cuidar del ambiente, es por ello que invito a todas las instituciones, municipalidades, organizaciones, asociaciones para poder trabajar y cooperar con la poblaci\u00f3n que necesita de nosotros, para que as\u00ed juntos construyamos un mejor departamento.\u201d<\/p>\n<p>&nbsp;<\/p>\n<div><\/div>\n","protected":false},"excerpt":{"rendered":"<p>El proyecto tiene por objetivo fortalecer las capacidades de gesti\u00f3n de riesgo y preparaci\u00f3n para desastres de 4,200 familias rurales de Alta Verapaz.<\/p>\n","protected":false},"author":1,"featured_media":3084,"comment_status":"closed","ping_status":"open","sticky":false,"template":"","format":"standard","meta":[],"categories":[199],"tags":[],"_links":{"self":[{"href":"https:\/\/gobernacionaltaverapaz.gob.gt\/index.php?rest_route=\/wp\/v2\/posts\/3083"}],"collection":[{"href":"https:\/\/gobernacionaltaverapaz.gob.gt\/index.php?rest_route=\/wp\/v2\/posts"}],"about":[{"href":"https:\/\/gobernacionaltaverapaz.gob.gt\/index.php?rest_route=\/wp\/v2\/types\/post"}],"author":[{"embeddable":true,"href":"https:\/\/gobernacionaltaverapaz.gob.gt\/index.php?rest_route=\/wp\/v2\/users\/1"}],"replies":[{"embeddable":true,"href":"https:\/\/gobernacionaltaverapaz.gob.gt\/index.php?rest_route=%2Fwp%2Fv2%2Fcomments&post=3083"}],"version-history":[{"count":2,"href":"https:\/\/gobernacionaltaverapaz.gob.gt\/index.php?rest_route=\/wp\/v2\/posts\/3083\/revisions"}],"predecessor-version":[{"id":3088,"href":"https:\/\/gobernacionaltaverapaz.gob.gt\/index.php?rest_route=\/wp\/v2\/posts\/3083\/revisions\/3088"}],"wp:featuredmedia":[{"embeddable":true,"href":"https:\/\/gobernacionaltaverapaz.gob.gt\/index.php?rest_route=\/wp\/v2\/media\/3084"}],"wp:attachment":[{"href":"https:\/\/gobernacionaltaverapaz.gob.gt\/index.php?rest_route=%2Fwp%2Fv2%2Fmedia&parent=3083"}],"wp:term":[{"taxonomy":"category","embeddable":true,"href":"https:\/\/gobernacionaltaverapaz.gob.gt\/index.php?rest_route=%2Fwp%2Fv2%2Fcategories&post=3083"},{"taxonomy":"post_tag","embeddable":true,"href":"https:\/\/gobernacionaltaverapaz.gob.gt\/index.php?rest_route=%2Fwp%2Fv2%2Ftags&post=3083"}],"curies":[{"name":"wp","href":"https:\/\/api.w.org\/{rel}","templated":true}]}}