{"id":3126,"date":"2016-04-11T16:00:42","date_gmt":"2016-04-11T22:00:42","guid":{"rendered":"http:\/\/gobernacionaltaverapaz.gob.gt\/?p=3126"},"modified":"2019-04-24T16:07:28","modified_gmt":"2019-04-24T22:07:28","slug":"plan-estratgico-de-educacin-presentado-los-17-alcaldes","status":"publish","type":"post","link":"https:\/\/gobernacionaltaverapaz.gob.gt\/?p=3126","title":{"rendered":"PLAN ESTRAT\u00c9GICO DE EDUCACI\u00d3N PRESENTADO A LOS 17 ALCALDES"},"content":{"rendered":"<p style=\"text-align: justify;\">El pasado 8 de abril, la Gobernadora Departamental Estela Adelina Ventura y el Ministro de Educaci\u00f3n Oscar Hugo L\u00f3pez, presentaron ante los 17 alcaldes municipales el plan estrat\u00e9gico del Ministerio de Educaci\u00f3n, con el objetivo de solicitar alianzas estrat\u00e9gicas para superar las debilidades en el sistema educativo.<\/p>\n<p>El Ministro de Educaci\u00f3n manifest\u00f3 que: \u201cla educaci\u00f3n no es un objeto, sino un bien p\u00fablico que beneficia a todos; adem\u00e1s de ello para calificar la calidad educativa hay que tener en cuenta varios factores como maestros, padres de familia y estudiantes, cada uno debe de saber cu\u00e1les son sus derechos y sus obligaciones, as\u00ed tambi\u00e9n los l\u00edderes comunitarios tambi\u00e9n tienen que apoyar, porque no solo es tarea del Ministerio de Educaci\u00f3n sino de todos\u201d<br \/>\nSeg\u00fan la Organizaci\u00f3n de las Naciones Unidas para la Educaci\u00f3n, la Ciencia y la Cultura (United Nations Educational, Scientific and Cultural Organization), abreviado internacionalmente como ,UNESCO, la calidad de la educaci\u00f3n tiene que ver mucho con los maestros, que tanto est\u00e1n formados, su inter\u00e9s para preparar las clases; los padres de familia que tanto se preocupan en el proceso de educaci\u00f3n de sus hijos, si hacen sus tarea; los alumnos si hacen sus tareas, si se preocupan en sus responsabilidades y su nivel de nutrici\u00f3n que tiene para desarrollarse.<br \/>\nDentro de la calidad de educativa tambi\u00e9n es importante verificar las instalaciones, infraestructura, \u00fatiles escolares, curr\u00edculo, el contenido que se les ense\u00f1a a los estudiantes y como se les ense\u00f1a para tener una educaci\u00f3n pertinente, la calidad educativa no solo es responsabilidad del Ministerio de Educaci\u00f3n, sino de todos y en este caso tambi\u00e9n le corresponde a los l\u00edderes comunitarios y locales, refiri\u00e9ndose a los alcaldes de los municipios, manifest\u00f3 Oscar Hugo L\u00f3pez, Ministro de Educaci\u00f3n.<\/p>\n<p>La Gobernadora Departamental, manifest\u00f3 sentirse congratulada con las autoridades ministeriales por haberse presentado al departamento e iniciar a trabajar en el proceso de llevar a cabo con el Plan de educaci\u00f3n, as\u00ed mismo manifest\u00f3 que es importante que el Ministerio pueda conocer las necesidades que tiene el departamento.<\/p>\n<div><\/div>\n<p>&nbsp;<\/p>\n","protected":false},"excerpt":{"rendered":"<p>Con el objetivo de solicitar alianzas estrat\u00e9gicas para superar las debilidades en el sistema educativo.<\/p>\n","protected":false},"author":1,"featured_media":3104,"comment_status":"closed","ping_status":"open","sticky":false,"template":"","format":"standard","meta":[],"categories":[191,199],"tags":[],"_links":{"self":[{"href":"https:\/\/gobernacionaltaverapaz.gob.gt\/index.php?rest_route=\/wp\/v2\/posts\/3126"}],"collection":[{"href":"https:\/\/gobernacionaltaverapaz.gob.gt\/index.php?rest_route=\/wp\/v2\/posts"}],"about":[{"href":"https:\/\/gobernacionaltaverapaz.gob.gt\/index.php?rest_route=\/wp\/v2\/types\/post"}],"author":[{"embeddable":true,"href":"https:\/\/gobernacionaltaverapaz.gob.gt\/index.php?rest_route=\/wp\/v2\/users\/1"}],"replies":[{"embeddable":true,"href":"https:\/\/gobernacionaltaverapaz.gob.gt\/index.php?rest_route=%2Fwp%2Fv2%2Fcomments&post=3126"}],"version-history":[{"count":2,"href":"https:\/\/gobernacionaltaverapaz.gob.gt\/index.php?rest_route=\/wp\/v2\/posts\/3126\/revisions"}],"predecessor-version":[{"id":3128,"href":"https:\/\/gobernacionaltaverapaz.gob.gt\/index.php?rest_route=\/wp\/v2\/posts\/3126\/revisions\/3128"}],"wp:featuredmedia":[{"embeddable":true,"href":"https:\/\/gobernacionaltaverapaz.gob.gt\/index.php?rest_route=\/wp\/v2\/media\/3104"}],"wp:attachment":[{"href":"https:\/\/gobernacionaltaverapaz.gob.gt\/index.php?rest_route=%2Fwp%2Fv2%2Fmedia&parent=3126"}],"wp:term":[{"taxonomy":"category","embeddable":true,"href":"https:\/\/gobernacionaltaverapaz.gob.gt\/index.php?rest_route=%2Fwp%2Fv2%2Fcategories&post=3126"},{"taxonomy":"post_tag","embeddable":true,"href":"https:\/\/gobernacionaltaverapaz.gob.gt\/index.php?rest_route=%2Fwp%2Fv2%2Ftags&post=3126"}],"curies":[{"name":"wp","href":"https:\/\/api.w.org\/{rel}","templated":true}]}}