{"id":3135,"date":"2016-04-05T16:28:41","date_gmt":"2016-04-05T22:28:41","guid":{"rendered":"http:\/\/gobernacionaltaverapaz.gob.gt\/?p=3135"},"modified":"2019-04-24T16:40:19","modified_gmt":"2019-04-24T22:40:19","slug":"festival-cultural-2016","status":"publish","type":"post","link":"https:\/\/gobernacionaltaverapaz.gob.gt\/?p=3135","title":{"rendered":"FESTIVAL CULTURAL 2016"},"content":{"rendered":"<p style=\"text-align: justify;\">Como todos los a\u00f1os, luego de la Semana Mayor, en la Ciudad de Cob\u00e1n se celebra el \u201cFestival Cultural Aplauso Verano\u201d, este festival tiene como fin desarrollar en los j\u00f3venes aptitudes art\u00edsticas y tambi\u00e9n busca fomentar una cultura de paz y\u00a0 una sana convivencia familiar buscando los principios\u00a0 morales y espirituales.\u00a0El Festival Aplauso, es uno de los ejes fundamentales para alcanzar un espacio interinstitucional y que la ni\u00f1ez y la juventud puedan convivir, compartir experiencias y descubrir sus talentos por medio del dibujo, el baile, pintura, entre otras disciplinas. Uno de los objetivos de esta actividad es desarrollar en los j\u00f3venes su talento art\u00edstico.<\/p>\n<p style=\"text-align: justify;\">La actividad es creada por la municipalidad de Cob\u00e1n y su objetivo es convertirla en patrimonio del municipio. Es un encuentro que permite desarrollar un semillero de talentos para futuros eventos culturales a nivel nacional e internacional.\u00a0La Gobernadora departamental Estela Ventura se refiri\u00f3 al festival \u201ccomo alta verapacenses so\u00f1amos en que todos construyamos y hagamos algo bueno para nuestro departamento y el Festival Aplauso Verano 2016 es una oportunidad para\u00a0 la juventud estudiantil que se merece todos los espacios y todo el apoyo de las autoridades, as\u00ed que les animo de seguir adelante en su formaci\u00f3n acad\u00e9mica y art\u00edstica\u201d<\/p>\n<p style=\"text-align: justify;\">Durante el Festival se estar\u00e1n abordado con temas sobre el escritor\u00a0 Flavio Herrera, qui\u00e9n Naci\u00f3 en la ciudad de Guatemala, el 18 de febrero de 1895. Poeta y escritor. Realiz\u00f3 sus primeros estudios en el Colegio de Infantes y en el Instituto Central para Varones. A la corta edad de 13 a\u00f1os ya se hab\u00eda iniciado en el mundo literario y escrib\u00eda para la Revista Juan Chap\u00edn.<\/p>\n<p style=\"text-align: justify;\">Entre sus obras podemos encontrar:\u2022 El Ala de la Monta\u00f1a (versos viejos)\u2022 Sinfon\u00edas del Tr\u00f3pico (Hai-kais, 1923)\u2022 Bulbuxy\u00e1 (Hai-kais, 1930)\u2022 Tr\u00f3pico (Hai-kais, 1931)\u2022 Cosmos Indio (Hai-kais, 1938)\u2022 Palo Verde (Hai-kais, 1946)\u00a0El evento comprende cuatro categor\u00edas: Pre-primaria, Primaria, diversificado y universitario, podr\u00e1n participar todos los ni\u00f1os y j\u00f3venes que se encuentren matriculados.<\/p>\n<div><\/div>\n","protected":false},"excerpt":{"rendered":"<p>Este festival tiene como fin desarrollar en los j\u00f3venes aptitudes art\u00edsticas y tambi\u00e9n busca fomentar una cultura de paz y\u00a0una sana convivencia familiar buscando los principios\u00a0morales y espirituales.\u00a0<\/p>\n","protected":false},"author":1,"featured_media":3116,"comment_status":"closed","ping_status":"open","sticky":false,"template":"","format":"standard","meta":[],"categories":[2,199],"tags":[],"_links":{"self":[{"href":"https:\/\/gobernacionaltaverapaz.gob.gt\/index.php?rest_route=\/wp\/v2\/posts\/3135"}],"collection":[{"href":"https:\/\/gobernacionaltaverapaz.gob.gt\/index.php?rest_route=\/wp\/v2\/posts"}],"about":[{"href":"https:\/\/gobernacionaltaverapaz.gob.gt\/index.php?rest_route=\/wp\/v2\/types\/post"}],"author":[{"embeddable":true,"href":"https:\/\/gobernacionaltaverapaz.gob.gt\/index.php?rest_route=\/wp\/v2\/users\/1"}],"replies":[{"embeddable":true,"href":"https:\/\/gobernacionaltaverapaz.gob.gt\/index.php?rest_route=%2Fwp%2Fv2%2Fcomments&post=3135"}],"version-history":[{"count":2,"href":"https:\/\/gobernacionaltaverapaz.gob.gt\/index.php?rest_route=\/wp\/v2\/posts\/3135\/revisions"}],"predecessor-version":[{"id":3137,"href":"https:\/\/gobernacionaltaverapaz.gob.gt\/index.php?rest_route=\/wp\/v2\/posts\/3135\/revisions\/3137"}],"wp:featuredmedia":[{"embeddable":true,"href":"https:\/\/gobernacionaltaverapaz.gob.gt\/index.php?rest_route=\/wp\/v2\/media\/3116"}],"wp:attachment":[{"href":"https:\/\/gobernacionaltaverapaz.gob.gt\/index.php?rest_route=%2Fwp%2Fv2%2Fmedia&parent=3135"}],"wp:term":[{"taxonomy":"category","embeddable":true,"href":"https:\/\/gobernacionaltaverapaz.gob.gt\/index.php?rest_route=%2Fwp%2Fv2%2Fcategories&post=3135"},{"taxonomy":"post_tag","embeddable":true,"href":"https:\/\/gobernacionaltaverapaz.gob.gt\/index.php?rest_route=%2Fwp%2Fv2%2Ftags&post=3135"}],"curies":[{"name":"wp","href":"https:\/\/api.w.org\/{rel}","templated":true}]}}