{"id":3141,"date":"2016-04-01T16:47:48","date_gmt":"2016-04-01T22:47:48","guid":{"rendered":"http:\/\/gobernacionaltaverapaz.gob.gt\/?p=3141"},"modified":"2019-04-24T16:51:43","modified_gmt":"2019-04-24T22:51:43","slug":"presentacin-de-poltica-nacional-de-discapacidad","status":"publish","type":"post","link":"https:\/\/gobernacionaltaverapaz.gob.gt\/?p=3141","title":{"rendered":"PRESENTACI\u00d3N DE POL\u00cdTICA NACIONAL DE DISCAPACIDAD"},"content":{"rendered":"<p style=\"text-align: justify;\">Durante la sesi\u00f3n realizada por el Consejo Departamental de Desarrollo, celebrado el 31 de marzo, la licenciada Ana Berta Aguilar Hern\u00e1ndez coordinadora de Promotores a nivel nacional del Consejo Nacional de Discapacidad \u2013 CONADI \u2013 present\u00f3 las acciones que ha llevado a cabo dicha instituci\u00f3n en el Departamento de Alta Verapaz.<\/p>\n<p style=\"text-align: justify;\">\nCONADI es el ente coordinador, asesor e impulsor que incide en la aplicaci\u00f3n de pol\u00edticas generales del estado y asegurar el cumplimiento de los derechos humanos y libertades fundamentales de las personas con discapacidad en Guatemala.<\/p>\n<p style=\"text-align: justify;\">\nLa licenciada Ana Berta Aguilar Hern\u00e1ndez manifest\u00f3 que durante a\u00f1os se ha etiquetado a las personas con discapacidad como un grupo desvalido y que no los ven con personas con derechos y obligaciones como toda persona normal. \u201cLas leyes, el Estado y la sociedad Civil deben incluirnos en los planes, pol\u00edticas, programas y proyectos, ya que somos ciudadanos con igualdad de derechos y que la discapacidad no est\u00e1 en nosotros sino en las barreras que hay en la sociedad y si no existe igualdad de oportunidades no podemos participar en proyectos para beneficio de nuestra sociedad\u201d manifest\u00f3 Berta Aguilar.<br \/>\nAguilar Hern\u00e1ndez, mencion\u00f3 que tambi\u00e9n har\u00e1n una solicitud, parte de la sociedad civil, para ser miembros del CODEDEAV y tener representatividad en los COCODES, COMUDES, en CONADUR y CORREDUR. Para ello nos amparamos en el art\u00edculo 19 de la Ley de Consejos de Desarrollo y esperamos contar con todo el apoyo del Consejo Departamental de Desarrollo de Alta Verapaz; as\u00ed mismo solicit\u00f3 a los se\u00f1ores alcaldes instalar oficinas de CONADI en sus municipios para atender a las personas que tienen alguna discapacidad.<\/p>\n<p style=\"text-align: justify;\">\nLa licenciada Estela Ventura manifest\u00f3 su apoyo a CONADI para implementar proyectos y planes para las personas con discapacidades diferentes y al mismo tiempo pidi\u00f3 a los Se\u00f1ores Alcaldes que las construcciones que se realicen tomen en cuenta colocar con rampas para facilitar el ingreso y egreso de las personas con discapacidades distintas.<\/p>\n<div><\/div>\n","protected":false},"excerpt":{"rendered":"<p>La licenciada Estela Ventura manifest\u00f3 su apoyo a CONADI para implementar proyectos y planes para las personas con discapacidades diferentes y al mismo tiempo pidi\u00f3 a los Se\u00f1ores Alcaldes que las construcciones que se realicen tomen en cuenta colocar con rampas para facilitar el ingreso y egreso de las personas con discapacidades distintas.<\/p>\n","protected":false},"author":1,"featured_media":3121,"comment_status":"closed","ping_status":"open","sticky":false,"template":"","format":"standard","meta":[],"categories":[191,199],"tags":[],"_links":{"self":[{"href":"https:\/\/gobernacionaltaverapaz.gob.gt\/index.php?rest_route=\/wp\/v2\/posts\/3141"}],"collection":[{"href":"https:\/\/gobernacionaltaverapaz.gob.gt\/index.php?rest_route=\/wp\/v2\/posts"}],"about":[{"href":"https:\/\/gobernacionaltaverapaz.gob.gt\/index.php?rest_route=\/wp\/v2\/types\/post"}],"author":[{"embeddable":true,"href":"https:\/\/gobernacionaltaverapaz.gob.gt\/index.php?rest_route=\/wp\/v2\/users\/1"}],"replies":[{"embeddable":true,"href":"https:\/\/gobernacionaltaverapaz.gob.gt\/index.php?rest_route=%2Fwp%2Fv2%2Fcomments&post=3141"}],"version-history":[{"count":1,"href":"https:\/\/gobernacionaltaverapaz.gob.gt\/index.php?rest_route=\/wp\/v2\/posts\/3141\/revisions"}],"predecessor-version":[{"id":3142,"href":"https:\/\/gobernacionaltaverapaz.gob.gt\/index.php?rest_route=\/wp\/v2\/posts\/3141\/revisions\/3142"}],"wp:featuredmedia":[{"embeddable":true,"href":"https:\/\/gobernacionaltaverapaz.gob.gt\/index.php?rest_route=\/wp\/v2\/media\/3121"}],"wp:attachment":[{"href":"https:\/\/gobernacionaltaverapaz.gob.gt\/index.php?rest_route=%2Fwp%2Fv2%2Fmedia&parent=3141"}],"wp:term":[{"taxonomy":"category","embeddable":true,"href":"https:\/\/gobernacionaltaverapaz.gob.gt\/index.php?rest_route=%2Fwp%2Fv2%2Fcategories&post=3141"},{"taxonomy":"post_tag","embeddable":true,"href":"https:\/\/gobernacionaltaverapaz.gob.gt\/index.php?rest_route=%2Fwp%2Fv2%2Ftags&post=3141"}],"curies":[{"name":"wp","href":"https:\/\/api.w.org\/{rel}","templated":true}]}}