{"id":3143,"date":"2016-04-01T16:54:36","date_gmt":"2016-04-01T22:54:36","guid":{"rendered":"http:\/\/gobernacionaltaverapaz.gob.gt\/?p=3143"},"modified":"2019-04-24T16:59:31","modified_gmt":"2019-04-24T22:59:31","slug":"seguridad-alimentaria-en-el-rea-del-polochic","status":"publish","type":"post","link":"https:\/\/gobernacionaltaverapaz.gob.gt\/?p=3143","title":{"rendered":"SEGURIDAD ALIMENTARIA EN EL \u00c1REA DEL POLOCHIC"},"content":{"rendered":"<p style=\"text-align: justify;\">Como parte del cumplimiento a las medidas cautelares enfocado a la Seguridad Alimentaria; el pasado 30 de marzo la Se\u00f1ora Gobernadora Estela Ventura Fern\u00e1ndez se present\u00f3 al \u00e1rea del Polochic, para hacer entrega simb\u00f3licamente de frijol y arroz a la comunidad q\u2019eqchi y poqomchi para darle cumplimiento con lo establecido por la Comisi\u00f3n Internacional de Derechos Humanos \u2013 CIDH \u2013.<\/p>\n<p>\u201cComo altaverapacense me siento comprometida con la poblaci\u00f3n q\u2019eqchi y poqomchi para seguir apoyando a los grupos m\u00e1s vulnerables de la regi\u00f3n y apoyarles en las gestiones que ellos necesiten y entre los temas importantes se encuentra la seguridad alimentaria\u201d, manifest\u00f3 la licenciada Ventura.<\/p>\n<p style=\"text-align: justify;\">\nEl mecanismo de medidas cautelares tiene m\u00e1s de tres d\u00e9cadas de historia en el Sistema Interamericano de Derechos Humanos y ha servido como una herramienta eficaz para proteger los derechos fundamentales de los habitantes de los 35 Estados que se encuentran bajo la competencia de la Comisi\u00f3n Interamericana. La facultad de la CIDH de solicitar la adopci\u00f3n de acciones urgentes o dictar medidas cautelares refleja una pr\u00e1ctica com\u00fan en el derecho internacional de derechos humanos. (Fuente: www.oas.org)<\/p>\n<p style=\"text-align: justify;\">\n\u201cEstoy segura, que solo juntos podemos avanzar y lograr cambios en nuestro departamento ya que no es justo que tengamos desnutrici\u00f3n y pobreza extrema en nuestro pa\u00eds con una tierra tan f\u00e9rtil donde se puede producir alimentos para nuestros hijos, mujeres y hombres\u201d, puntualizo la Gobernadora Departamental.<\/p>\n<p style=\"text-align: justify;\">\nDesde hace m\u00e1s de 30 a\u00f1os, las medidas cautelares fueron reconocidas por los Estados, han demostrado ser una herramienta efectiva para la protecci\u00f3n de los derechos humanos y que ha salvaguardado los derechos a la vida y la integridad de personas. Estas medidas han servido como un impulso genuino para proteger a las comunidades m\u00e1s vulnerables de nuestro pa\u00eds.<\/p>\n<div><\/div>\n<p>&nbsp;<\/p>\n","protected":false},"excerpt":{"rendered":"<p>Como parte del cumplimiento a las medidas cautelares enfocado a la Seguridad Alimentaria se hizo entrega simb\u00f3licamente de frijol y arroz a la comunidad q\u2019eqchi y poqomchi para darle cumplimiento con lo establecido por la Comisi\u00f3n Internacional de Derechos Humanos \u2013 CIDH \u2013.<\/p>\n","protected":false},"author":1,"featured_media":3123,"comment_status":"closed","ping_status":"open","sticky":false,"template":"","format":"standard","meta":[],"categories":[183,199],"tags":[],"_links":{"self":[{"href":"https:\/\/gobernacionaltaverapaz.gob.gt\/index.php?rest_route=\/wp\/v2\/posts\/3143"}],"collection":[{"href":"https:\/\/gobernacionaltaverapaz.gob.gt\/index.php?rest_route=\/wp\/v2\/posts"}],"about":[{"href":"https:\/\/gobernacionaltaverapaz.gob.gt\/index.php?rest_route=\/wp\/v2\/types\/post"}],"author":[{"embeddable":true,"href":"https:\/\/gobernacionaltaverapaz.gob.gt\/index.php?rest_route=\/wp\/v2\/users\/1"}],"replies":[{"embeddable":true,"href":"https:\/\/gobernacionaltaverapaz.gob.gt\/index.php?rest_route=%2Fwp%2Fv2%2Fcomments&post=3143"}],"version-history":[{"count":1,"href":"https:\/\/gobernacionaltaverapaz.gob.gt\/index.php?rest_route=\/wp\/v2\/posts\/3143\/revisions"}],"predecessor-version":[{"id":3144,"href":"https:\/\/gobernacionaltaverapaz.gob.gt\/index.php?rest_route=\/wp\/v2\/posts\/3143\/revisions\/3144"}],"wp:featuredmedia":[{"embeddable":true,"href":"https:\/\/gobernacionaltaverapaz.gob.gt\/index.php?rest_route=\/wp\/v2\/media\/3123"}],"wp:attachment":[{"href":"https:\/\/gobernacionaltaverapaz.gob.gt\/index.php?rest_route=%2Fwp%2Fv2%2Fmedia&parent=3143"}],"wp:term":[{"taxonomy":"category","embeddable":true,"href":"https:\/\/gobernacionaltaverapaz.gob.gt\/index.php?rest_route=%2Fwp%2Fv2%2Fcategories&post=3143"},{"taxonomy":"post_tag","embeddable":true,"href":"https:\/\/gobernacionaltaverapaz.gob.gt\/index.php?rest_route=%2Fwp%2Fv2%2Ftags&post=3143"}],"curies":[{"name":"wp","href":"https:\/\/api.w.org\/{rel}","templated":true}]}}