{"id":3145,"date":"2016-04-01T08:24:57","date_gmt":"2016-04-01T14:24:57","guid":{"rendered":"http:\/\/gobernacionaltaverapaz.gob.gt\/?p=3145"},"modified":"2019-04-25T08:54:03","modified_gmt":"2019-04-25T14:54:03","slug":"reunin-ordinaria-de-trabajo-del-codedeav","status":"publish","type":"post","link":"https:\/\/gobernacionaltaverapaz.gob.gt\/?p=3145","title":{"rendered":"REUNI\u00d3N ORDINARIA DE TRABAJO DEL CODEDEAV"},"content":{"rendered":"<p style=\"text-align: justify;\">El pasado 31 de marzo, se llev\u00f3 a cabo la mesa de trabajo con el Consejo Departamental de Desarrollo de Alta Verapaz, donde estuvo presente la Se\u00f1ora Gobernadora Estela Adelina Ventura Fern\u00e1ndez, el Delegado Departamental de la Secretar\u00eda de Planificaci\u00f3n y Programaci\u00f3n de la Presidencia Marco Tulio Bail\u00f3n y el Secretario t\u00e9cnico del Consejo Jos\u00e9 Leonel Caal.<\/p>\n<p style=\"text-align: justify;\">La presidenta del Consejo Departamental de Desarrollo, manifiesta su agradecimiento a los representantes de los sectores del Organismo Ejecutivo, Corporaciones Municipales y Sociedad Civil para trabajar en pro del desarrollo del departamento de Alta Verapaz y as\u00ed tambi\u00e9n en la b\u00fasqueda de soluciones a la problem\u00e1tica que aqueja al departamento. La Licenciada detalla: \u201cEs importante que todos participemos activamente en las mesas de trabajo ya que es un espacio de participaci\u00f3n y coordinaci\u00f3n interinstitucional, donde podemos dialogar y buscarle soluci\u00f3n a los problemas que aqueja a cada municipio\u201d<\/p>\n<p style=\"text-align: justify;\">El Licenciado Leonel Caal director ejecutivo de COCODEAV, present\u00f3 un informe sobre los aportes entregados durante los a\u00f1os 2012 al 2016, con un total de doscientos noventa y un millones cincuenta y nueve mil novecientos veintiocho quetzales y veinticinco centavos, tambi\u00e9n inform\u00f3 sobre la asignaci\u00f3n, disponibilidad y ejecuci\u00f3n de cada unidad ejecutora. Subray\u00f3 que la situaci\u00f3n financiera ha estado sin mayor movimiento y que a\u00fan est\u00e1 pendiente la contrataci\u00f3n de personal del CODEDE, donde la base medular del mismo son los supervisores y las personas que se encargan de revisar los expedientes, dichas contrataciones est\u00e1n a cargo de la Secretar\u00eda de la Coordinaci\u00f3n Ejecutiva de la Presidencia.<\/p>\n<p style=\"text-align: justify;\">As\u00ed tambi\u00e9n dio a conocer al Pleno del Consejo Departamental que la inversi\u00f3n del ejercicio fiscal del 2015 el Departamento sufri\u00f3 un desfinanciamiento que afecto a todos los municipios. Tambi\u00e9n mencion\u00f3 que para que los proyectos de inversi\u00f3n sigan con la ejecuci\u00f3n que de existir saldo de obras pendientes de ejercicios anteriores hay que asignarles fondos mediante el m\u00e9todo de reprogramaci\u00f3n.<\/p>\n<p style=\"text-align: justify;\">Tambi\u00e9n inform\u00f3 sobre la propuesta de inversi\u00f3n departamental para el ejercicio fiscal 2017, indicando que se trabaj\u00f3 con el mismo techo presupuestario que ya se ten\u00eda asignado para el presente a\u00f1o y que las municipalidades presentaron noventa y un proyectos y 4 por parte de la sociedad civil.<\/p>\n<div><\/div>\n","protected":false},"excerpt":{"rendered":"<p>La presidenta del Consejo Departamental de Desarrollo, manifest\u00f3 su agradecimiento a los representantes de los sectores del Organismo Ejecutivo, Corporaciones Municipales y Sociedad Civil por trabajar en pro del desarrollo del departamento de Alta Verapaz y as\u00ed tambi\u00e9n en la b\u00fasqueda de soluciones a la problem\u00e1tica que aqueja al departamento.<\/p>\n","protected":false},"author":1,"featured_media":3148,"comment_status":"closed","ping_status":"open","sticky":false,"template":"","format":"standard","meta":[],"categories":[191,199],"tags":[],"_links":{"self":[{"href":"https:\/\/gobernacionaltaverapaz.gob.gt\/index.php?rest_route=\/wp\/v2\/posts\/3145"}],"collection":[{"href":"https:\/\/gobernacionaltaverapaz.gob.gt\/index.php?rest_route=\/wp\/v2\/posts"}],"about":[{"href":"https:\/\/gobernacionaltaverapaz.gob.gt\/index.php?rest_route=\/wp\/v2\/types\/post"}],"author":[{"embeddable":true,"href":"https:\/\/gobernacionaltaverapaz.gob.gt\/index.php?rest_route=\/wp\/v2\/users\/1"}],"replies":[{"embeddable":true,"href":"https:\/\/gobernacionaltaverapaz.gob.gt\/index.php?rest_route=%2Fwp%2Fv2%2Fcomments&post=3145"}],"version-history":[{"count":4,"href":"https:\/\/gobernacionaltaverapaz.gob.gt\/index.php?rest_route=\/wp\/v2\/posts\/3145\/revisions"}],"predecessor-version":[{"id":3169,"href":"https:\/\/gobernacionaltaverapaz.gob.gt\/index.php?rest_route=\/wp\/v2\/posts\/3145\/revisions\/3169"}],"wp:featuredmedia":[{"embeddable":true,"href":"https:\/\/gobernacionaltaverapaz.gob.gt\/index.php?rest_route=\/wp\/v2\/media\/3148"}],"wp:attachment":[{"href":"https:\/\/gobernacionaltaverapaz.gob.gt\/index.php?rest_route=%2Fwp%2Fv2%2Fmedia&parent=3145"}],"wp:term":[{"taxonomy":"category","embeddable":true,"href":"https:\/\/gobernacionaltaverapaz.gob.gt\/index.php?rest_route=%2Fwp%2Fv2%2Fcategories&post=3145"},{"taxonomy":"post_tag","embeddable":true,"href":"https:\/\/gobernacionaltaverapaz.gob.gt\/index.php?rest_route=%2Fwp%2Fv2%2Ftags&post=3145"}],"curies":[{"name":"wp","href":"https:\/\/api.w.org\/{rel}","templated":true}]}}