{"id":3171,"date":"2016-03-30T08:59:20","date_gmt":"2016-03-30T14:59:20","guid":{"rendered":"http:\/\/gobernacionaltaverapaz.gob.gt\/?p=3171"},"modified":"2019-04-25T09:02:59","modified_gmt":"2019-04-25T15:02:59","slug":"reunin-de-trabajo-con-el-ministro-de-desarrollo-social","status":"publish","type":"post","link":"https:\/\/gobernacionaltaverapaz.gob.gt\/?p=3171","title":{"rendered":"REUNI\u00d3N DE TRABAJO CON EL MINISTRO DE DESARROLLO SOCIAL"},"content":{"rendered":"<p style=\"text-align: justify;\">Como parte de las estrategias de trabajo para un mejor desarrollo en Alta Verapaz, la Se\u00f1ora Gobernadora Estela Adelina Ventura Fern\u00e1ndez se reuni\u00f3 con el Sr. Ministro de Desarrollo Social Jos\u00e9 Guillermo Moreno Cord\u00f3n para tratar temas de importancia tales como: Salud, Educaci\u00f3n, nutrici\u00f3n, vivienda, vulnerabilidad, seguridad social, empleo entre otros.<\/p>\n<p>El Ministerio de Desarrollo Social tiene entre sus pol\u00edticas mejorar el nivel de bienestar de las personas y grupos sociales vulnerables, que sufren de exclusi\u00f3n y viven en situaci\u00f3n de pobreza y pobreza extrema. Tambi\u00e9n genera oportunidades y capacidades que les permitan mejorar sus vidas en forma positiva.<\/p>\n<p style=\"text-align: justify;\">\nEsto implica una dotaci\u00f3n de servicios b\u00e1sicos orientados a mejorar las condiciones de vida de la poblaci\u00f3n y proveer el bienestar a la sociedad y cumplir con el objetivo de expandir los derechos sociales a todos los guatemaltecos.<\/p>\n<p>&nbsp;<\/p>\n","protected":false},"excerpt":{"rendered":"<p>Con el prop\u00f3sito de tratar temas de importancia tales como: Salud, educaci\u00f3n, nutrici\u00f3n, vivienda, vulnerabilidad, seguridad social, empleo entre otros.<\/p>\n","protected":false},"author":1,"featured_media":3172,"comment_status":"closed","ping_status":"open","sticky":false,"template":"","format":"standard","meta":[],"categories":[191,199],"tags":[],"_links":{"self":[{"href":"https:\/\/gobernacionaltaverapaz.gob.gt\/index.php?rest_route=\/wp\/v2\/posts\/3171"}],"collection":[{"href":"https:\/\/gobernacionaltaverapaz.gob.gt\/index.php?rest_route=\/wp\/v2\/posts"}],"about":[{"href":"https:\/\/gobernacionaltaverapaz.gob.gt\/index.php?rest_route=\/wp\/v2\/types\/post"}],"author":[{"embeddable":true,"href":"https:\/\/gobernacionaltaverapaz.gob.gt\/index.php?rest_route=\/wp\/v2\/users\/1"}],"replies":[{"embeddable":true,"href":"https:\/\/gobernacionaltaverapaz.gob.gt\/index.php?rest_route=%2Fwp%2Fv2%2Fcomments&post=3171"}],"version-history":[{"count":1,"href":"https:\/\/gobernacionaltaverapaz.gob.gt\/index.php?rest_route=\/wp\/v2\/posts\/3171\/revisions"}],"predecessor-version":[{"id":3173,"href":"https:\/\/gobernacionaltaverapaz.gob.gt\/index.php?rest_route=\/wp\/v2\/posts\/3171\/revisions\/3173"}],"wp:featuredmedia":[{"embeddable":true,"href":"https:\/\/gobernacionaltaverapaz.gob.gt\/index.php?rest_route=\/wp\/v2\/media\/3172"}],"wp:attachment":[{"href":"https:\/\/gobernacionaltaverapaz.gob.gt\/index.php?rest_route=%2Fwp%2Fv2%2Fmedia&parent=3171"}],"wp:term":[{"taxonomy":"category","embeddable":true,"href":"https:\/\/gobernacionaltaverapaz.gob.gt\/index.php?rest_route=%2Fwp%2Fv2%2Fcategories&post=3171"},{"taxonomy":"post_tag","embeddable":true,"href":"https:\/\/gobernacionaltaverapaz.gob.gt\/index.php?rest_route=%2Fwp%2Fv2%2Ftags&post=3171"}],"curies":[{"name":"wp","href":"https:\/\/api.w.org\/{rel}","templated":true}]}}