{"id":3174,"date":"2016-03-23T09:03:44","date_gmt":"2016-03-23T15:03:44","guid":{"rendered":"http:\/\/gobernacionaltaverapaz.gob.gt\/?p=3174"},"modified":"2019-04-25T09:09:12","modified_gmt":"2019-04-25T15:09:12","slug":"primer-encuentro-de-gobernadores","status":"publish","type":"post","link":"https:\/\/gobernacionaltaverapaz.gob.gt\/?p=3174","title":{"rendered":"PRIMER ENCUENTRO DE GOBERNADORES"},"content":{"rendered":"<p style=\"text-align: justify;\">Como parte del trabajo de los Gobernadores Departamentales y el Gobierno Central, se realiz\u00f3 un primer encuentro de trabajo los d\u00edas 21 y 22 de marzo en Ciudad Capital, donde se les dio a conocer la Pol\u00edtica de Prevenci\u00f3n de la violencia de Seguridad Ciudadana y Convivencia Pac\u00edfica 2014 \u2013 2034, para trabajar de cerca con el tercer vicedespacho y lograr as\u00ed bajar los \u00edndices de violencia y prevenir el delito.<\/p>\n<p>En la inauguraci\u00f3n el Ministro de Gobernaci\u00f3n, Francisco Rivas junto a su equipo de trabajo de Viceministros participaron dando a conocer el Plan de Fortalecimiento con el objetivo de brindarles las herramientas t\u00e9cnicas, administrativas y financieras que les permita desempe\u00f1as de forma adecuada sus funciones como Gobernadores Departamentales.<br \/>\nCon el fin de aprovechar los tiempos y los espacios, durante la reuni\u00f3n tambi\u00e9n se dio a conocer las \u00e1reas espec\u00edficas de su gesti\u00f3n relacionados a la \u00e9tica en la administraci\u00f3n p\u00fablica, temas de asuntos agrarios, administraci\u00f3n financiera, resoluci\u00f3n, manejo de conflictividad, Recursos Humanos entre otros temas.<br \/>\nPor su parte el Ministro Rivas, manifest\u00f3 a los Gobernadores que son parte fundamental en el tema de la seguridad y la prevenci\u00f3n, adem\u00e1s de indicarles que cuentan con todo su apoyo para trabajar de forma coordinada y as\u00ed poder reducir la incidencia criminal en cada uno de sus departamentos.<br \/>\n\u201cLos Gobernadores son una parte fundamental dentro de la Pol\u00edtica Nacional de Prevenci\u00f3n que el Ministerio de Gobernaci\u00f3n impulsa, deben de estar conscientes que la seguridad no es solo una funci\u00f3n de la Polic\u00eda Nacional Civil sino de todo el pa\u00eds y como autoridades locales nos van apoyar en sumarse al esfuerzo en beneficio de la poblaci\u00f3n, donde trabajar\u00e1n de la mano con las Municipalidades y organizaciones sociales y civiles de cada Departamento\u201d, detall\u00f3 el funcionario.<\/p>\n<p style=\"text-align: justify;\">\nEl Coordinador de la Unidad para la Prevenci\u00f3n Comunitaria de la Violencia (UPCV), Juan Orozco, inform\u00f3 que los resultados fueron exitosos en todos los aspectos puesto que la convocatoria de los gobernadores y gobernadoras fue excelente y se discutieron varios temas que conciernen a todos como actores de la sociedad y parte de la gobernabilidad del pa\u00eds.<br \/>\nOrozco a\u00f1adi\u00f3 que se firm\u00f3 la carta de compromiso por medio de la cual cada quien est\u00e1 asumiendo su rol seg\u00fan su punto de actuar y de ejecutar para el beneficio de la sociedad.<\/p>\n<p style=\"text-align: justify;\">\nLa Tercera Viceministra, indic\u00f3 que este es el primer encuentro de seis foros que se realizaran durante el a\u00f1o, para instruirlos sobre la funciones de su cargo y hacer una alianza para trabajar en cada uno de sus departamentos en base a la Pol\u00edtica Nacional de Prevenci\u00f3n. \u201cEsta reuni\u00f3n es con el \u00e1nimo de instruir en temas relacionados a pol\u00edticas p\u00fablicas, administraci\u00f3n y la Pol\u00edtica Nacional de Prevenci\u00f3n, este es el primer acercamiento para apoyarlos, para instarlos a que inicien una gesti\u00f3n eficaz con trasparencia y cero corrupci\u00f3n\u201d, puntualiz\u00f3 la funcionaria. Fuente de Informaci\u00f3n: MINGOB<\/p>\n","protected":false},"excerpt":{"rendered":"<p>Donde se les dio a conocer la Pol\u00edtica de Prevenci\u00f3n de la violencia de Seguridad Ciudadana y Convivencia Pac\u00edfica 2014 \u2013 2034.<\/p>\n","protected":false},"author":1,"featured_media":3175,"comment_status":"closed","ping_status":"open","sticky":false,"template":"","format":"standard","meta":[],"categories":[191,199],"tags":[],"_links":{"self":[{"href":"https:\/\/gobernacionaltaverapaz.gob.gt\/index.php?rest_route=\/wp\/v2\/posts\/3174"}],"collection":[{"href":"https:\/\/gobernacionaltaverapaz.gob.gt\/index.php?rest_route=\/wp\/v2\/posts"}],"about":[{"href":"https:\/\/gobernacionaltaverapaz.gob.gt\/index.php?rest_route=\/wp\/v2\/types\/post"}],"author":[{"embeddable":true,"href":"https:\/\/gobernacionaltaverapaz.gob.gt\/index.php?rest_route=\/wp\/v2\/users\/1"}],"replies":[{"embeddable":true,"href":"https:\/\/gobernacionaltaverapaz.gob.gt\/index.php?rest_route=%2Fwp%2Fv2%2Fcomments&post=3174"}],"version-history":[{"count":1,"href":"https:\/\/gobernacionaltaverapaz.gob.gt\/index.php?rest_route=\/wp\/v2\/posts\/3174\/revisions"}],"predecessor-version":[{"id":3176,"href":"https:\/\/gobernacionaltaverapaz.gob.gt\/index.php?rest_route=\/wp\/v2\/posts\/3174\/revisions\/3176"}],"wp:featuredmedia":[{"embeddable":true,"href":"https:\/\/gobernacionaltaverapaz.gob.gt\/index.php?rest_route=\/wp\/v2\/media\/3175"}],"wp:attachment":[{"href":"https:\/\/gobernacionaltaverapaz.gob.gt\/index.php?rest_route=%2Fwp%2Fv2%2Fmedia&parent=3174"}],"wp:term":[{"taxonomy":"category","embeddable":true,"href":"https:\/\/gobernacionaltaverapaz.gob.gt\/index.php?rest_route=%2Fwp%2Fv2%2Fcategories&post=3174"},{"taxonomy":"post_tag","embeddable":true,"href":"https:\/\/gobernacionaltaverapaz.gob.gt\/index.php?rest_route=%2Fwp%2Fv2%2Ftags&post=3174"}],"curies":[{"name":"wp","href":"https:\/\/api.w.org\/{rel}","templated":true}]}}