{"id":3185,"date":"2016-03-21T09:22:56","date_gmt":"2016-03-21T15:22:56","guid":{"rendered":"http:\/\/gobernacionaltaverapaz.gob.gt\/?p=3185"},"modified":"2019-04-25T09:25:55","modified_gmt":"2019-04-25T15:25:55","slug":"visita-la-aldea-campur-en-su-feria-patronal","status":"publish","type":"post","link":"https:\/\/gobernacionaltaverapaz.gob.gt\/?p=3185","title":{"rendered":"VISITA A LA ALDEA CAMPUR EN SU FERIA PATRONAL"},"content":{"rendered":"<p>La Licenciada Estela Ventura, realiz\u00f3 una visita a la comunidad de Campur, ubicada en el municipio de San Pedro Carch\u00e1 en el marco de la celebraci\u00f3n de su Feria Patronal.<\/p>\n<p>En dicha celebraci\u00f3n, se tuvo la oportunidad de dialogar con las autoridades locales sobre temas de relevancia tales como: Educaci\u00f3n, salud y agua potable.<\/p>\n<p>Como prioridad a dichos temas fue el tema del Agua como una de las principales necesidades de la comunidad.<\/p>\n<p>Durante la gira, la Gobernadora atendi\u00f3 las invitaciones a radios comunitarias para llevar el mensaje del Sr. Presidente Jimmy Morales.<\/p>\n<div><\/div>\n","protected":false},"excerpt":{"rendered":"<p>En dicha celebraci\u00f3n, se tuvo la oportunidad de dialogar con las autoridades locales sobre temas de relevancia tales como: Educaci\u00f3n, salud y agua potable.<\/p>\n","protected":false},"author":1,"featured_media":3155,"comment_status":"closed","ping_status":"open","sticky":false,"template":"","format":"standard","meta":[],"categories":[199],"tags":[],"_links":{"self":[{"href":"https:\/\/gobernacionaltaverapaz.gob.gt\/index.php?rest_route=\/wp\/v2\/posts\/3185"}],"collection":[{"href":"https:\/\/gobernacionaltaverapaz.gob.gt\/index.php?rest_route=\/wp\/v2\/posts"}],"about":[{"href":"https:\/\/gobernacionaltaverapaz.gob.gt\/index.php?rest_route=\/wp\/v2\/types\/post"}],"author":[{"embeddable":true,"href":"https:\/\/gobernacionaltaverapaz.gob.gt\/index.php?rest_route=\/wp\/v2\/users\/1"}],"replies":[{"embeddable":true,"href":"https:\/\/gobernacionaltaverapaz.gob.gt\/index.php?rest_route=%2Fwp%2Fv2%2Fcomments&post=3185"}],"version-history":[{"count":1,"href":"https:\/\/gobernacionaltaverapaz.gob.gt\/index.php?rest_route=\/wp\/v2\/posts\/3185\/revisions"}],"predecessor-version":[{"id":3186,"href":"https:\/\/gobernacionaltaverapaz.gob.gt\/index.php?rest_route=\/wp\/v2\/posts\/3185\/revisions\/3186"}],"wp:featuredmedia":[{"embeddable":true,"href":"https:\/\/gobernacionaltaverapaz.gob.gt\/index.php?rest_route=\/wp\/v2\/media\/3155"}],"wp:attachment":[{"href":"https:\/\/gobernacionaltaverapaz.gob.gt\/index.php?rest_route=%2Fwp%2Fv2%2Fmedia&parent=3185"}],"wp:term":[{"taxonomy":"category","embeddable":true,"href":"https:\/\/gobernacionaltaverapaz.gob.gt\/index.php?rest_route=%2Fwp%2Fv2%2Fcategories&post=3185"},{"taxonomy":"post_tag","embeddable":true,"href":"https:\/\/gobernacionaltaverapaz.gob.gt\/index.php?rest_route=%2Fwp%2Fv2%2Ftags&post=3185"}],"curies":[{"name":"wp","href":"https:\/\/api.w.org\/{rel}","templated":true}]}}