{"id":3187,"date":"2016-03-21T09:29:16","date_gmt":"2016-03-21T15:29:16","guid":{"rendered":"http:\/\/gobernacionaltaverapaz.gob.gt\/?p=3187"},"modified":"2019-04-25T09:34:56","modified_gmt":"2019-04-25T15:34:56","slug":"inauguracin-de-la-planta-industrial-de-cardamomo-de-fedecovera","status":"publish","type":"post","link":"https:\/\/gobernacionaltaverapaz.gob.gt\/?p=3187","title":{"rendered":"INAUGURACI\u00d3N DE LA PLANTA INDUSTRIAL DE CARDAMOMO DE -FEDECOVERA-"},"content":{"rendered":"<p style=\"text-align: justify;\">Como parte de trabajar estrategias en conjunto con las cooperativas, la Gobernadora Departamental tuvo a bien participar en la XLII Asamblea General Ordinaria e Inauguraci\u00f3n de la Planta Industrial de Cardamomo, en la Federaci\u00f3n de Cooperativas de las Verapaces \u2013FEDECOVERA- una cooperativa aut\u00f3noma fundada en 1976, donde ha contribuido a crear un entorno econ\u00f3mico positivo para peque\u00f1os productores.<\/p>\n<p style=\"text-align: justify;\">\nQuiero felicitar a la cooperativa y al grupo de personas por el trabajo que han hecho ya que ayudan a los grupos m\u00e1s vulnerables de nuestro departamento, as\u00ed mismo agradezco al Se\u00f1or Ministro de Econom\u00eda por el acompa\u00f1amiento que ha realizado hasta el momento en pro de nuestro departamento\u201d; manifest\u00f3 la funcionaria.<\/p>\n<p style=\"text-align: justify;\">\nEn dicha inauguraci\u00f3n estuvo presente el Sr. Ministro de Econom\u00eda Lic. Rub\u00e9n Morales Monroy, quien manifest\u00f3 sentirse contento y agradecido por haber sido invitado a magno evento, y donde dicha cartera contribuy\u00f3 a que a que se instalara la Planta Industrial de Cardamomo.<\/p>\n<div><\/div>\n","protected":false},"excerpt":{"rendered":"<p>Como parte de trabajar estrategias en conjunto con las cooperativas, la Gobernadora Departamental tuvo a bien participar en la XLII Asamblea General Ordinaria e Inauguraci\u00f3n de la Planta Industrial.<\/p>\n","protected":false},"author":1,"featured_media":3157,"comment_status":"closed","ping_status":"open","sticky":false,"template":"","format":"standard","meta":[],"categories":[7,195,199],"tags":[],"_links":{"self":[{"href":"https:\/\/gobernacionaltaverapaz.gob.gt\/index.php?rest_route=\/wp\/v2\/posts\/3187"}],"collection":[{"href":"https:\/\/gobernacionaltaverapaz.gob.gt\/index.php?rest_route=\/wp\/v2\/posts"}],"about":[{"href":"https:\/\/gobernacionaltaverapaz.gob.gt\/index.php?rest_route=\/wp\/v2\/types\/post"}],"author":[{"embeddable":true,"href":"https:\/\/gobernacionaltaverapaz.gob.gt\/index.php?rest_route=\/wp\/v2\/users\/1"}],"replies":[{"embeddable":true,"href":"https:\/\/gobernacionaltaverapaz.gob.gt\/index.php?rest_route=%2Fwp%2Fv2%2Fcomments&post=3187"}],"version-history":[{"count":1,"href":"https:\/\/gobernacionaltaverapaz.gob.gt\/index.php?rest_route=\/wp\/v2\/posts\/3187\/revisions"}],"predecessor-version":[{"id":3188,"href":"https:\/\/gobernacionaltaverapaz.gob.gt\/index.php?rest_route=\/wp\/v2\/posts\/3187\/revisions\/3188"}],"wp:featuredmedia":[{"embeddable":true,"href":"https:\/\/gobernacionaltaverapaz.gob.gt\/index.php?rest_route=\/wp\/v2\/media\/3157"}],"wp:attachment":[{"href":"https:\/\/gobernacionaltaverapaz.gob.gt\/index.php?rest_route=%2Fwp%2Fv2%2Fmedia&parent=3187"}],"wp:term":[{"taxonomy":"category","embeddable":true,"href":"https:\/\/gobernacionaltaverapaz.gob.gt\/index.php?rest_route=%2Fwp%2Fv2%2Fcategories&post=3187"},{"taxonomy":"post_tag","embeddable":true,"href":"https:\/\/gobernacionaltaverapaz.gob.gt\/index.php?rest_route=%2Fwp%2Fv2%2Ftags&post=3187"}],"curies":[{"name":"wp","href":"https:\/\/api.w.org\/{rel}","templated":true}]}}