{"id":3191,"date":"2016-03-21T09:41:19","date_gmt":"2016-03-21T15:41:19","guid":{"rendered":"http:\/\/gobernacionaltaverapaz.gob.gt\/?p=3191"},"modified":"2019-04-25T09:46:04","modified_gmt":"2019-04-25T15:46:04","slug":"unificando-esfuerzos-contra-la-violencia-sexual","status":"publish","type":"post","link":"https:\/\/gobernacionaltaverapaz.gob.gt\/?p=3191","title":{"rendered":"UNIFICANDO ESFUERZOS CONTRA LA VIOLENCIA SEXUAL"},"content":{"rendered":"<p style=\"text-align: justify;\">Como parte de enlazar esfuerzos contra la Violencia Sexual a mujeres, la Licenciada Estela Ventura se reuni\u00f3 con el Representante del Ministerio P\u00fablico del Distrito de Alta Verapaz, Representantes de SICAM y delegados de la Unidad para la Prevenci\u00f3n Comunitaria de la Violencia del Ministerio de Gobernaci\u00f3n.<\/p>\n<p style=\"text-align: justify;\">Cada representante manifest\u00f3 su preocupaci\u00f3n, debido a que los \u00edndices de violencia en el departamento de Alta Verapaz ha ido en aumento en los \u00faltimos meses, seg\u00fan Ang\u00e9lica Valenzuela del SICAM; el departamento de Cob\u00e1n se ubica en el segundo lugar a nivel nacional con 7% de cada cien habitantes en cuanto a la Violencia Sexual; ante tal situaci\u00f3n la Licenciada Ventura puntualiz\u00f3: \u201cCreemos y merecemos un mejor departamento y estoy dispuesta a enfrentar este desaf\u00edo de disminuir estos resultados con el apoyo de cada instituci\u00f3n vinculada a este tema\u201d.<\/p>\n<div><\/div>\n","protected":false},"excerpt":{"rendered":"<p>Creemos y merecemos un mejor departamento y estamos a disposici\u00f3n de enfrentar este desaf\u00edo con el apoyo de cada instituci\u00f3n vinculada a este tema.<\/p>\n","protected":false},"author":1,"featured_media":3163,"comment_status":"closed","ping_status":"open","sticky":false,"template":"","format":"standard","meta":[],"categories":[191,199],"tags":[],"_links":{"self":[{"href":"https:\/\/gobernacionaltaverapaz.gob.gt\/index.php?rest_route=\/wp\/v2\/posts\/3191"}],"collection":[{"href":"https:\/\/gobernacionaltaverapaz.gob.gt\/index.php?rest_route=\/wp\/v2\/posts"}],"about":[{"href":"https:\/\/gobernacionaltaverapaz.gob.gt\/index.php?rest_route=\/wp\/v2\/types\/post"}],"author":[{"embeddable":true,"href":"https:\/\/gobernacionaltaverapaz.gob.gt\/index.php?rest_route=\/wp\/v2\/users\/1"}],"replies":[{"embeddable":true,"href":"https:\/\/gobernacionaltaverapaz.gob.gt\/index.php?rest_route=%2Fwp%2Fv2%2Fcomments&post=3191"}],"version-history":[{"count":2,"href":"https:\/\/gobernacionaltaverapaz.gob.gt\/index.php?rest_route=\/wp\/v2\/posts\/3191\/revisions"}],"predecessor-version":[{"id":3193,"href":"https:\/\/gobernacionaltaverapaz.gob.gt\/index.php?rest_route=\/wp\/v2\/posts\/3191\/revisions\/3193"}],"wp:featuredmedia":[{"embeddable":true,"href":"https:\/\/gobernacionaltaverapaz.gob.gt\/index.php?rest_route=\/wp\/v2\/media\/3163"}],"wp:attachment":[{"href":"https:\/\/gobernacionaltaverapaz.gob.gt\/index.php?rest_route=%2Fwp%2Fv2%2Fmedia&parent=3191"}],"wp:term":[{"taxonomy":"category","embeddable":true,"href":"https:\/\/gobernacionaltaverapaz.gob.gt\/index.php?rest_route=%2Fwp%2Fv2%2Fcategories&post=3191"},{"taxonomy":"post_tag","embeddable":true,"href":"https:\/\/gobernacionaltaverapaz.gob.gt\/index.php?rest_route=%2Fwp%2Fv2%2Ftags&post=3191"}],"curies":[{"name":"wp","href":"https:\/\/api.w.org\/{rel}","templated":true}]}}