{"id":3194,"date":"2016-03-21T09:46:34","date_gmt":"2016-03-21T15:46:34","guid":{"rendered":"http:\/\/gobernacionaltaverapaz.gob.gt\/?p=3194"},"modified":"2019-04-25T09:53:05","modified_gmt":"2019-04-25T15:53:05","slug":"inauguracin-de-sede-central-de-atencin-las-vctimas-de-violencia-intrafamiliar","status":"publish","type":"post","link":"https:\/\/gobernacionaltaverapaz.gob.gt\/?p=3194","title":{"rendered":"INAUGURACI\u00d3N DE SEDE CENTRAL DE ATENCI\u00d3N A LAS V\u00cdCTIMAS DE VIOLENCIA INTRAFAMILIAR"},"content":{"rendered":"<p style=\"text-align: justify;\">Como parte de minimizar los \u00edndices de Violencia Intrafamiliar a nivel departamental, el pasado 10 de marzo la Licenciada Estela Ventura, Gobernadora Departamental, tuvo a bien participar en la inauguraci\u00f3n de la sede central de atenci\u00f3n a las v\u00edctimas de la Violencia intrafamiliar en el municipio de San Crist\u00f3bal Verapaz.<\/p>\n<p style=\"text-align: justify;\">Dicha actividad se realiz\u00f3 en las instalaciones de la Polic\u00eda Nacional Civil de dicho municipio.<\/p>\n<p style=\"text-align: justify;\">La apertura de este Centro de Atenci\u00f3n viene a ayudar a la minimizaci\u00f3n de todos los efectos emocionales que pueda desencadenar la Violencia Intrafamiliar. As\u00ed tambi\u00e9n, se resalt\u00f3 que dicha violencia afecta directamente a los hijos de las v\u00edctimas y es por ello la importancia de que se abriera un espacio para atender de manera profesional a las v\u00edctimas.<\/p>\n","protected":false},"excerpt":{"rendered":"<p>La apertura de este Centro de Atenci\u00f3n viene a ayudar a la minimizaci\u00f3n de todos los efectos emocionales que pueda desencadenar la Violencia Intrafamiliar.<\/p>\n","protected":false},"author":1,"featured_media":3195,"comment_status":"closed","ping_status":"open","sticky":false,"template":"","format":"standard","meta":[],"categories":[191,199],"tags":[],"_links":{"self":[{"href":"https:\/\/gobernacionaltaverapaz.gob.gt\/index.php?rest_route=\/wp\/v2\/posts\/3194"}],"collection":[{"href":"https:\/\/gobernacionaltaverapaz.gob.gt\/index.php?rest_route=\/wp\/v2\/posts"}],"about":[{"href":"https:\/\/gobernacionaltaverapaz.gob.gt\/index.php?rest_route=\/wp\/v2\/types\/post"}],"author":[{"embeddable":true,"href":"https:\/\/gobernacionaltaverapaz.gob.gt\/index.php?rest_route=\/wp\/v2\/users\/1"}],"replies":[{"embeddable":true,"href":"https:\/\/gobernacionaltaverapaz.gob.gt\/index.php?rest_route=%2Fwp%2Fv2%2Fcomments&post=3194"}],"version-history":[{"count":3,"href":"https:\/\/gobernacionaltaverapaz.gob.gt\/index.php?rest_route=\/wp\/v2\/posts\/3194\/revisions"}],"predecessor-version":[{"id":3198,"href":"https:\/\/gobernacionaltaverapaz.gob.gt\/index.php?rest_route=\/wp\/v2\/posts\/3194\/revisions\/3198"}],"wp:featuredmedia":[{"embeddable":true,"href":"https:\/\/gobernacionaltaverapaz.gob.gt\/index.php?rest_route=\/wp\/v2\/media\/3195"}],"wp:attachment":[{"href":"https:\/\/gobernacionaltaverapaz.gob.gt\/index.php?rest_route=%2Fwp%2Fv2%2Fmedia&parent=3194"}],"wp:term":[{"taxonomy":"category","embeddable":true,"href":"https:\/\/gobernacionaltaverapaz.gob.gt\/index.php?rest_route=%2Fwp%2Fv2%2Fcategories&post=3194"},{"taxonomy":"post_tag","embeddable":true,"href":"https:\/\/gobernacionaltaverapaz.gob.gt\/index.php?rest_route=%2Fwp%2Fv2%2Ftags&post=3194"}],"curies":[{"name":"wp","href":"https:\/\/api.w.org\/{rel}","templated":true}]}}