{"id":3199,"date":"2016-03-17T09:53:43","date_gmt":"2016-03-17T15:53:43","guid":{"rendered":"http:\/\/gobernacionaltaverapaz.gob.gt\/?p=3199"},"modified":"2019-04-25T09:59:04","modified_gmt":"2019-04-25T15:59:04","slug":"coordinacin-con-alcaldes-del-departamento-de-alta-verapaz","status":"publish","type":"post","link":"https:\/\/gobernacionaltaverapaz.gob.gt\/?p=3199","title":{"rendered":"COORDINACI\u00d3N CON ALCALDES DEL DEPARTAMENTO DE ALTA VERAPAZ"},"content":{"rendered":"<p style=\"text-align: justify;\">En el sal\u00f3n las Am\u00e9ricas del Palacio de Gobernaci\u00f3n Departamental, se llev\u00f3 a cabo una reuni\u00f3n de trabajo con el Diputado Rudy Pereira con los 17 alcaldes del departamento, con el fin de tratar la tem\u00e1tica relacionada a la inversi\u00f3n departamental 2016.<\/p>\n<p>La reuni\u00f3n trato temas prioritarios relacionados a las obras de arrastre con las que cuenta cada uno de los municipios, donde el representante de SEGEPLAN, indic\u00f3 que durante el ejercicio fiscal 2016 se estar\u00e1 financiado la deuda para que estas obras de infraestructura sean ejecutadas, para luego iniciar el 2017 con proyectos nuevos.<\/p>\n<p style=\"text-align: justify;\">\nLa se\u00f1ora Gobernadora en su intervenci\u00f3n manifest\u00f3: \u201cque de acuerdo a los lineamientos de trabajo recibidos por parte del se\u00f1or Presidente Constitucional Jimmy Morales fue de asumir el reto de apoyar, acompa\u00f1ar y trabajar los proyectos de arrastre de los 17 municipios\u201d; mencion\u00f3 tambi\u00e9n la gesti\u00f3n mediante el apoyo de la Secretaria de Coordinaci\u00f3n Ejecutiva de la Presidencia \u2013SCEP-, de cuatro supervisores para el Consejo Departamental de Desarrollo quienes tendr\u00e1n la tarea de apoyar la supervisi\u00f3n de las obras que las distintas municipalidades ejecuten.<\/p>\n<p>Los alcaldes de los municipios del departamento mostraron su inter\u00e9s para que las gestiones puedan desarrollarse de manera puntual y, con el ello el avance de los proyectos se vea reflejado en el mejoramiento de la calidad de vida del alta verapacenses.<\/p>\n<div><\/div>\n<p>&nbsp;<\/p>\n<p>&nbsp;<\/p>\n<p>&nbsp;<\/p>\n<p>&nbsp;<\/p>\n<p>&nbsp;<\/p>\n<p>&nbsp;<\/p>\n","protected":false},"excerpt":{"rendered":"<p>Con el prop\u00f3sito de tratar la tem\u00e1tica relacionada a la inversi\u00f3n departamental 2016.<\/p>\n","protected":false},"author":1,"featured_media":3165,"comment_status":"closed","ping_status":"open","sticky":false,"template":"","format":"standard","meta":[],"categories":[191,199],"tags":[],"_links":{"self":[{"href":"https:\/\/gobernacionaltaverapaz.gob.gt\/index.php?rest_route=\/wp\/v2\/posts\/3199"}],"collection":[{"href":"https:\/\/gobernacionaltaverapaz.gob.gt\/index.php?rest_route=\/wp\/v2\/posts"}],"about":[{"href":"https:\/\/gobernacionaltaverapaz.gob.gt\/index.php?rest_route=\/wp\/v2\/types\/post"}],"author":[{"embeddable":true,"href":"https:\/\/gobernacionaltaverapaz.gob.gt\/index.php?rest_route=\/wp\/v2\/users\/1"}],"replies":[{"embeddable":true,"href":"https:\/\/gobernacionaltaverapaz.gob.gt\/index.php?rest_route=%2Fwp%2Fv2%2Fcomments&post=3199"}],"version-history":[{"count":1,"href":"https:\/\/gobernacionaltaverapaz.gob.gt\/index.php?rest_route=\/wp\/v2\/posts\/3199\/revisions"}],"predecessor-version":[{"id":3200,"href":"https:\/\/gobernacionaltaverapaz.gob.gt\/index.php?rest_route=\/wp\/v2\/posts\/3199\/revisions\/3200"}],"wp:featuredmedia":[{"embeddable":true,"href":"https:\/\/gobernacionaltaverapaz.gob.gt\/index.php?rest_route=\/wp\/v2\/media\/3165"}],"wp:attachment":[{"href":"https:\/\/gobernacionaltaverapaz.gob.gt\/index.php?rest_route=%2Fwp%2Fv2%2Fmedia&parent=3199"}],"wp:term":[{"taxonomy":"category","embeddable":true,"href":"https:\/\/gobernacionaltaverapaz.gob.gt\/index.php?rest_route=%2Fwp%2Fv2%2Fcategories&post=3199"},{"taxonomy":"post_tag","embeddable":true,"href":"https:\/\/gobernacionaltaverapaz.gob.gt\/index.php?rest_route=%2Fwp%2Fv2%2Ftags&post=3199"}],"curies":[{"name":"wp","href":"https:\/\/api.w.org\/{rel}","templated":true}]}}