{"id":3328,"date":"2019-04-23T08:39:52","date_gmt":"2019-04-23T14:39:52","guid":{"rendered":"http:\/\/gobernacionaltaverapaz.gob.gt\/?p=3328"},"modified":"2019-04-25T12:58:21","modified_gmt":"2019-04-25T18:58:21","slug":"reunin-ordinaria-del-consejo-regional-de-desarrollo-urbano-rural-regin-norte-coredur","status":"publish","type":"post","link":"https:\/\/gobernacionaltaverapaz.gob.gt\/?p=3328","title":{"rendered":"REUNI\u00d3N ORDINARIA DEL CONSEJO REGIONAL DE DESARROLLO URBANO Y RURAL REGI\u00d3N NORTE -COREDUR-"},"content":{"rendered":"<p style=\"text-align: justify;\">En las instalaciones del sal\u00f3n de la comuna del municipio de Purulh\u00e1, Baja Verapaz se llev\u00f3 a cabo, reuni\u00f3n ordinaria del &#8220;Consejo Regional de Desarrollo Urbano y Rural Regi\u00f3n Norte&#8221; -COREDUR-.<\/p>\n<p style=\"text-align: justify;\">Entre los temas tratados; Demolici\u00f3n de t\u00famulos Alta y Baja Verapaz, Seguridad Alimentaria Nutricional de los departamentos de Alta y Baja Verapaz, Propuesta de Inversi\u00f3n Regional 2020, entre otros.<\/p>\n<p style=\"text-align: justify;\">Presentes; Sr. Anibal Marroquin, Presidente COREDUR; M.A. Erik Nolberto Guerrero Milian, Gobernador Alta Verapaz; Dr. Erick Fernando Herrera Escobar, Gobernador Baja Verapaz; SEGEPLAN A.V.; MARN, MAGA; Ministerio de Cultura y Deportes; SEPREM A.V.; CONAP; MINEDUC; Ministerio de Econom\u00eda; INFOM; Representante Organizaciones de Trabajadores; USAC; Representante de Organizaciones de Mujeres; SOSEP B.A.; SEGEPLAN B.A; ANAM.<\/p>\n<div><\/div>\n","protected":false},"excerpt":{"rendered":"<p>Entre los temas tratados; Demolici\u00f3n de t\u00famulos Alta y Baja Verapaz, Seguridad Alimentaria Nutricional de los departamentos de Alta y Baja Verapaz, Propuesta de Inversi\u00f3n Regional 2020, entre otros.<\/p>\n","protected":false},"author":1,"featured_media":3233,"comment_status":"closed","ping_status":"open","sticky":false,"template":"","format":"standard","meta":[],"categories":[191,199],"tags":[178],"_links":{"self":[{"href":"https:\/\/gobernacionaltaverapaz.gob.gt\/index.php?rest_route=\/wp\/v2\/posts\/3328"}],"collection":[{"href":"https:\/\/gobernacionaltaverapaz.gob.gt\/index.php?rest_route=\/wp\/v2\/posts"}],"about":[{"href":"https:\/\/gobernacionaltaverapaz.gob.gt\/index.php?rest_route=\/wp\/v2\/types\/post"}],"author":[{"embeddable":true,"href":"https:\/\/gobernacionaltaverapaz.gob.gt\/index.php?rest_route=\/wp\/v2\/users\/1"}],"replies":[{"embeddable":true,"href":"https:\/\/gobernacionaltaverapaz.gob.gt\/index.php?rest_route=%2Fwp%2Fv2%2Fcomments&post=3328"}],"version-history":[{"count":1,"href":"https:\/\/gobernacionaltaverapaz.gob.gt\/index.php?rest_route=\/wp\/v2\/posts\/3328\/revisions"}],"predecessor-version":[{"id":3329,"href":"https:\/\/gobernacionaltaverapaz.gob.gt\/index.php?rest_route=\/wp\/v2\/posts\/3328\/revisions\/3329"}],"wp:featuredmedia":[{"embeddable":true,"href":"https:\/\/gobernacionaltaverapaz.gob.gt\/index.php?rest_route=\/wp\/v2\/media\/3233"}],"wp:attachment":[{"href":"https:\/\/gobernacionaltaverapaz.gob.gt\/index.php?rest_route=%2Fwp%2Fv2%2Fmedia&parent=3328"}],"wp:term":[{"taxonomy":"category","embeddable":true,"href":"https:\/\/gobernacionaltaverapaz.gob.gt\/index.php?rest_route=%2Fwp%2Fv2%2Fcategories&post=3328"},{"taxonomy":"post_tag","embeddable":true,"href":"https:\/\/gobernacionaltaverapaz.gob.gt\/index.php?rest_route=%2Fwp%2Fv2%2Ftags&post=3328"}],"curies":[{"name":"wp","href":"https:\/\/api.w.org\/{rel}","templated":true}]}}