{"id":3333,"date":"2019-04-16T16:27:44","date_gmt":"2019-04-16T22:27:44","guid":{"rendered":"http:\/\/gobernacionaltaverapaz.gob.gt\/?p=3333"},"modified":"2019-04-25T14:27:33","modified_gmt":"2019-04-25T20:27:33","slug":"inauguracin-de-la-oficina-del-comit-de-autogestin-turstica-informacin","status":"publish","type":"post","link":"https:\/\/gobernacionaltaverapaz.gob.gt\/?p=3333","title":{"rendered":"INAUGURACI\u00d3N DE LA OFICINA DEL COMIT\u00c9 DE AUTOGESTI\u00d3N TUR\u00cdSTICA E INFORMACI\u00d3N"},"content":{"rendered":"<p style=\"text-align: justify;\">En el palacio de Gobernaci\u00f3n de Alta Verapaz se realizo la inauguraci\u00f3n de la &#8220;Oficina del Comit\u00e9 de Autogesti\u00f3n Tur\u00edstica e Informaci\u00f3n&#8221;, el cual estar\u00e1 ubicado en el primer nivel de dicho palacio.<\/p>\n<p style=\"text-align: justify;\">Con ello se espera atender a los diferentes turistas que visitan el departamento, aport\u00e1ndoles gu\u00edas y detalles sobre la gastronom\u00eda, artesan\u00eda y costumbres que se realizan en los municipios de la regi\u00f3n norte del pa\u00eds.<\/p>\n<p style=\"text-align: justify;\">Gobernador Departamental, M.A. Erik Nolberto Guerrero Milian, efectu\u00f3 el corte de la cinta para dar apertura al uso de este espacio, la misma estar\u00e1 compartida con el &#8220;Museo Las Verapaces&#8221;.<\/p>\n<p style=\"text-align: justify;\">Presentes; Municipalidad de Cob\u00e1n, Presidente Comit\u00e9 de Turismo de Alta Verapaz, Integrantes de la Junta Directiva y Socios.<\/p>\n<div><\/div>\n","protected":false},"excerpt":{"rendered":"<p>Con ello se espera atender a los diferentes turistas que visitan el departamento, aport\u00e1ndoles gu\u00edas y detalles sobre la gastronom\u00eda, artesan\u00eda y costumbres que se realizan en los municipios de la regi\u00f3n norte del pa\u00eds.<\/p>\n","protected":false},"author":1,"featured_media":3262,"comment_status":"closed","ping_status":"open","sticky":false,"template":"","format":"standard","meta":[],"categories":[191,199],"tags":[],"_links":{"self":[{"href":"https:\/\/gobernacionaltaverapaz.gob.gt\/index.php?rest_route=\/wp\/v2\/posts\/3333"}],"collection":[{"href":"https:\/\/gobernacionaltaverapaz.gob.gt\/index.php?rest_route=\/wp\/v2\/posts"}],"about":[{"href":"https:\/\/gobernacionaltaverapaz.gob.gt\/index.php?rest_route=\/wp\/v2\/types\/post"}],"author":[{"embeddable":true,"href":"https:\/\/gobernacionaltaverapaz.gob.gt\/index.php?rest_route=\/wp\/v2\/users\/1"}],"replies":[{"embeddable":true,"href":"https:\/\/gobernacionaltaverapaz.gob.gt\/index.php?rest_route=%2Fwp%2Fv2%2Fcomments&post=3333"}],"version-history":[{"count":1,"href":"https:\/\/gobernacionaltaverapaz.gob.gt\/index.php?rest_route=\/wp\/v2\/posts\/3333\/revisions"}],"predecessor-version":[{"id":3334,"href":"https:\/\/gobernacionaltaverapaz.gob.gt\/index.php?rest_route=\/wp\/v2\/posts\/3333\/revisions\/3334"}],"wp:featuredmedia":[{"embeddable":true,"href":"https:\/\/gobernacionaltaverapaz.gob.gt\/index.php?rest_route=\/wp\/v2\/media\/3262"}],"wp:attachment":[{"href":"https:\/\/gobernacionaltaverapaz.gob.gt\/index.php?rest_route=%2Fwp%2Fv2%2Fmedia&parent=3333"}],"wp:term":[{"taxonomy":"category","embeddable":true,"href":"https:\/\/gobernacionaltaverapaz.gob.gt\/index.php?rest_route=%2Fwp%2Fv2%2Fcategories&post=3333"},{"taxonomy":"post_tag","embeddable":true,"href":"https:\/\/gobernacionaltaverapaz.gob.gt\/index.php?rest_route=%2Fwp%2Fv2%2Ftags&post=3333"}],"curies":[{"name":"wp","href":"https:\/\/api.w.org\/{rel}","templated":true}]}}