{"id":3335,"date":"2019-04-16T08:28:53","date_gmt":"2019-04-16T14:28:53","guid":{"rendered":"http:\/\/gobernacionaltaverapaz.gob.gt\/?p=3335"},"modified":"2019-04-25T14:36:39","modified_gmt":"2019-04-25T20:36:39","slug":"reunin-extraordinaria-de-mesa-tcnica-departamental-planea-2019","status":"publish","type":"post","link":"https:\/\/gobernacionaltaverapaz.gob.gt\/?p=3335","title":{"rendered":"REUNI\u00d3N EXTRAORDINARIA DE MESA T\u00c9CNICA DEPARTAMENTAL PLANEA 2019"},"content":{"rendered":"<p style=\"text-align: justify;\">Se llevo a cabo reuni\u00f3n extraordinaria de&#8221;Mesa T\u00e9cnica Departamental PLANEA 2019&#8243;.<\/p>\n<p style=\"text-align: justify;\">Objetivos: Presentaci\u00f3n de lineamientos mesa t\u00e9cnica departamental, ratificaci\u00f3n de convenio institucional.<\/p>\n<p style=\"text-align: justify;\">En la misma se firm\u00f3 el convenio de &#8220;Cooperaci\u00f3n Interinstitucional para la Implementaci\u00f3n del Plan Nacional de Prevenci\u00f3n de Embarazos en Adolescentes en Alta Verapaz&#8221;.<\/p>\n<p style=\"text-align: justify;\">Gobernador Departamental, M.A. Erik Nolberto Guerrero Mili\u00e1n en compa\u00f1\u00eda de; Dr. Gabriel Sandoval, Director de \u00c1rea de Salud de Alta Verapaz, Licda. Karen Mariely de la Cruz Pereira, Secretaria de Bienestar Social y Lic. Edgar Chen Bac, Ministerio de Educaci\u00f3n.<\/p>\n<div><\/div>\n","protected":false},"excerpt":{"rendered":"<p>En la misma se firm\u00f3 el convenio de &#8220;Cooperaci\u00f3n Interinstitucional para la Implementaci\u00f3n del Plan Nacional de Prevenci\u00f3n de Embarazos en Adolescentes en Alta Verapaz&#8221;.<\/p>\n","protected":false},"author":1,"featured_media":3264,"comment_status":"closed","ping_status":"open","sticky":false,"template":"","format":"standard","meta":[],"categories":[191,199],"tags":[],"_links":{"self":[{"href":"https:\/\/gobernacionaltaverapaz.gob.gt\/index.php?rest_route=\/wp\/v2\/posts\/3335"}],"collection":[{"href":"https:\/\/gobernacionaltaverapaz.gob.gt\/index.php?rest_route=\/wp\/v2\/posts"}],"about":[{"href":"https:\/\/gobernacionaltaverapaz.gob.gt\/index.php?rest_route=\/wp\/v2\/types\/post"}],"author":[{"embeddable":true,"href":"https:\/\/gobernacionaltaverapaz.gob.gt\/index.php?rest_route=\/wp\/v2\/users\/1"}],"replies":[{"embeddable":true,"href":"https:\/\/gobernacionaltaverapaz.gob.gt\/index.php?rest_route=%2Fwp%2Fv2%2Fcomments&post=3335"}],"version-history":[{"count":1,"href":"https:\/\/gobernacionaltaverapaz.gob.gt\/index.php?rest_route=\/wp\/v2\/posts\/3335\/revisions"}],"predecessor-version":[{"id":3336,"href":"https:\/\/gobernacionaltaverapaz.gob.gt\/index.php?rest_route=\/wp\/v2\/posts\/3335\/revisions\/3336"}],"wp:featuredmedia":[{"embeddable":true,"href":"https:\/\/gobernacionaltaverapaz.gob.gt\/index.php?rest_route=\/wp\/v2\/media\/3264"}],"wp:attachment":[{"href":"https:\/\/gobernacionaltaverapaz.gob.gt\/index.php?rest_route=%2Fwp%2Fv2%2Fmedia&parent=3335"}],"wp:term":[{"taxonomy":"category","embeddable":true,"href":"https:\/\/gobernacionaltaverapaz.gob.gt\/index.php?rest_route=%2Fwp%2Fv2%2Fcategories&post=3335"},{"taxonomy":"post_tag","embeddable":true,"href":"https:\/\/gobernacionaltaverapaz.gob.gt\/index.php?rest_route=%2Fwp%2Fv2%2Ftags&post=3335"}],"curies":[{"name":"wp","href":"https:\/\/api.w.org\/{rel}","templated":true}]}}