{"id":3341,"date":"2019-04-15T10:38:35","date_gmt":"2019-04-15T16:38:35","guid":{"rendered":"http:\/\/gobernacionaltaverapaz.gob.gt\/?p=3341"},"modified":"2019-04-25T14:51:32","modified_gmt":"2019-04-25T20:51:32","slug":"reunin-extraordinaria-del-consejo-departamental-de-desarrollo-de-alta-verapaz-codedeav","status":"publish","type":"post","link":"https:\/\/gobernacionaltaverapaz.gob.gt\/?p=3341","title":{"rendered":"REUNI\u00d3N EXTRAORDINARIA DEL CONSEJO DEPARTAMENTAL DE DESARROLLO DE ALTA VERAPAZ -CODEDEAV-"},"content":{"rendered":"<p style=\"text-align: justify;\">Se llev\u00f3 a cabo reuni\u00f3n extraordinaria del Consejo Departamental de Desarrollo de Alta Verapaz, -CODEDEAV-.<\/p>\n<p style=\"text-align: justify;\">En ella se realizaron puntos de agenda; Aprobaci\u00f3n de la propuesta de inversi\u00f3n 2020, reprogramaci\u00f3n de proyectos y rescisi\u00f3n de convenios.<\/p>\n<p style=\"text-align: justify;\">Gobernador Departamental, M.A. Erik Nolberto Guerrero Milian, declar\u00f3 al municipio de Panz\u00f3s, Alta Verapaz, como el primer municipio en el departamento en liquidar sus proyectos del ejercicio fiscal 2018, ante el Consejo Departamental de Desarrollo de Alta Verapaz.<\/p>\n<div><\/div>\n","protected":false},"excerpt":{"rendered":"<p>En ella se realizaron puntos de agenda; Aprobaci\u00f3n de la propuesta de inversi\u00f3n 2020, reprogramaci\u00f3n de proyectos y rescisi\u00f3n de convenios.<\/p>\n","protected":false},"author":1,"featured_media":3285,"comment_status":"closed","ping_status":"open","sticky":false,"template":"","format":"standard","meta":[],"categories":[191,199],"tags":[],"_links":{"self":[{"href":"https:\/\/gobernacionaltaverapaz.gob.gt\/index.php?rest_route=\/wp\/v2\/posts\/3341"}],"collection":[{"href":"https:\/\/gobernacionaltaverapaz.gob.gt\/index.php?rest_route=\/wp\/v2\/posts"}],"about":[{"href":"https:\/\/gobernacionaltaverapaz.gob.gt\/index.php?rest_route=\/wp\/v2\/types\/post"}],"author":[{"embeddable":true,"href":"https:\/\/gobernacionaltaverapaz.gob.gt\/index.php?rest_route=\/wp\/v2\/users\/1"}],"replies":[{"embeddable":true,"href":"https:\/\/gobernacionaltaverapaz.gob.gt\/index.php?rest_route=%2Fwp%2Fv2%2Fcomments&post=3341"}],"version-history":[{"count":1,"href":"https:\/\/gobernacionaltaverapaz.gob.gt\/index.php?rest_route=\/wp\/v2\/posts\/3341\/revisions"}],"predecessor-version":[{"id":3342,"href":"https:\/\/gobernacionaltaverapaz.gob.gt\/index.php?rest_route=\/wp\/v2\/posts\/3341\/revisions\/3342"}],"wp:featuredmedia":[{"embeddable":true,"href":"https:\/\/gobernacionaltaverapaz.gob.gt\/index.php?rest_route=\/wp\/v2\/media\/3285"}],"wp:attachment":[{"href":"https:\/\/gobernacionaltaverapaz.gob.gt\/index.php?rest_route=%2Fwp%2Fv2%2Fmedia&parent=3341"}],"wp:term":[{"taxonomy":"category","embeddable":true,"href":"https:\/\/gobernacionaltaverapaz.gob.gt\/index.php?rest_route=%2Fwp%2Fv2%2Fcategories&post=3341"},{"taxonomy":"post_tag","embeddable":true,"href":"https:\/\/gobernacionaltaverapaz.gob.gt\/index.php?rest_route=%2Fwp%2Fv2%2Ftags&post=3341"}],"curies":[{"name":"wp","href":"https:\/\/api.w.org\/{rel}","templated":true}]}}