{"id":3343,"date":"2019-04-12T17:37:45","date_gmt":"2019-04-12T23:37:45","guid":{"rendered":"http:\/\/gobernacionaltaverapaz.gob.gt\/?p=3343"},"modified":"2019-04-25T14:58:27","modified_gmt":"2019-04-25T20:58:27","slug":"inauguracin-de-escuela-telesecundaria-pampacche","status":"publish","type":"post","link":"https:\/\/gobernacionaltaverapaz.gob.gt\/?p=3343","title":{"rendered":"INAUGURACI\u00d3N DE ESCUELA TELESECUNDARIA PAMPACCHE"},"content":{"rendered":"<p>En el municipio de San Crist\u00f3bal Verapaz se realiz\u00f3 la inauguraci\u00f3n de &#8220;Escuela Telesecundaria&#8221; Pampacche, esto gracias al apoyo de, PROBIGUA Suiza.<\/p>\n<p>Max Umiker, representante de la asociaci\u00f3n; quien en un principio lleg\u00f3 a Guatemala con el fin de aprender espa\u00f1ol, en su estad\u00eda vio la necesidad de los ni\u00f1os y ni\u00f1as, al momento lleva 17 escuelas fundadas en el pa\u00eds.<\/p>\n<p>Las \u00e1reas del establecimiento inauguradas en este municipio son: tres aulas, direcci\u00f3n y dos ba\u00f1os.<\/p>\n<div><\/div>\n","protected":false},"excerpt":{"rendered":"<p>Las \u00e1reas del establecimiento inauguradas en este municipio son: tres aulas, direcci\u00f3n y dos ba\u00f1os.<\/p>\n","protected":false},"author":1,"featured_media":3300,"comment_status":"closed","ping_status":"open","sticky":false,"template":"","format":"standard","meta":[],"categories":[183,195,199],"tags":[],"_links":{"self":[{"href":"https:\/\/gobernacionaltaverapaz.gob.gt\/index.php?rest_route=\/wp\/v2\/posts\/3343"}],"collection":[{"href":"https:\/\/gobernacionaltaverapaz.gob.gt\/index.php?rest_route=\/wp\/v2\/posts"}],"about":[{"href":"https:\/\/gobernacionaltaverapaz.gob.gt\/index.php?rest_route=\/wp\/v2\/types\/post"}],"author":[{"embeddable":true,"href":"https:\/\/gobernacionaltaverapaz.gob.gt\/index.php?rest_route=\/wp\/v2\/users\/1"}],"replies":[{"embeddable":true,"href":"https:\/\/gobernacionaltaverapaz.gob.gt\/index.php?rest_route=%2Fwp%2Fv2%2Fcomments&post=3343"}],"version-history":[{"count":1,"href":"https:\/\/gobernacionaltaverapaz.gob.gt\/index.php?rest_route=\/wp\/v2\/posts\/3343\/revisions"}],"predecessor-version":[{"id":3344,"href":"https:\/\/gobernacionaltaverapaz.gob.gt\/index.php?rest_route=\/wp\/v2\/posts\/3343\/revisions\/3344"}],"wp:featuredmedia":[{"embeddable":true,"href":"https:\/\/gobernacionaltaverapaz.gob.gt\/index.php?rest_route=\/wp\/v2\/media\/3300"}],"wp:attachment":[{"href":"https:\/\/gobernacionaltaverapaz.gob.gt\/index.php?rest_route=%2Fwp%2Fv2%2Fmedia&parent=3343"}],"wp:term":[{"taxonomy":"category","embeddable":true,"href":"https:\/\/gobernacionaltaverapaz.gob.gt\/index.php?rest_route=%2Fwp%2Fv2%2Fcategories&post=3343"},{"taxonomy":"post_tag","embeddable":true,"href":"https:\/\/gobernacionaltaverapaz.gob.gt\/index.php?rest_route=%2Fwp%2Fv2%2Ftags&post=3343"}],"curies":[{"name":"wp","href":"https:\/\/api.w.org\/{rel}","templated":true}]}}