{"id":3346,"date":"2019-04-12T14:10:58","date_gmt":"2019-04-12T20:10:58","guid":{"rendered":"http:\/\/gobernacionaltaverapaz.gob.gt\/?p=3346"},"modified":"2019-04-25T15:09:40","modified_gmt":"2019-04-25T21:09:40","slug":"conferencia-de-prensa","status":"publish","type":"post","link":"https:\/\/gobernacionaltaverapaz.gob.gt\/?p=3346","title":{"rendered":"CONFERENCIA DE PRENSA"},"content":{"rendered":"<p style=\"text-align: justify;\">Se convoc\u00f3 a los medios de comunicaci\u00f3n a &#8220;Conferencia de Prensa&#8221;, con el fin de brindar declaraciones de las instituciones que participaron en la b\u00fasqueda de la ni\u00f1a desaparecida Mar\u00eda Rene Cu, el pasado 09 de abril del a\u00f1o en curso.<\/p>\n<p style=\"text-align: justify;\">En la misma participaron; PGN, Municipalidad de Cob\u00e1n, M.A. Erik Nolberto Guerrero Milian, Gobernador Departamental, PNC, DEIC, DIPANDA y MP.<\/p>\n<div><\/div>\n","protected":false},"excerpt":{"rendered":"<p>Con el fin de brindar declaraciones de las instituciones que participaron en la b\u00fasqueda de la ni\u00f1a desaparecida Mar\u00eda Rene Cu.<\/p>\n","protected":false},"author":1,"featured_media":3307,"comment_status":"closed","ping_status":"open","sticky":false,"template":"","format":"standard","meta":[],"categories":[199],"tags":[],"_links":{"self":[{"href":"https:\/\/gobernacionaltaverapaz.gob.gt\/index.php?rest_route=\/wp\/v2\/posts\/3346"}],"collection":[{"href":"https:\/\/gobernacionaltaverapaz.gob.gt\/index.php?rest_route=\/wp\/v2\/posts"}],"about":[{"href":"https:\/\/gobernacionaltaverapaz.gob.gt\/index.php?rest_route=\/wp\/v2\/types\/post"}],"author":[{"embeddable":true,"href":"https:\/\/gobernacionaltaverapaz.gob.gt\/index.php?rest_route=\/wp\/v2\/users\/1"}],"replies":[{"embeddable":true,"href":"https:\/\/gobernacionaltaverapaz.gob.gt\/index.php?rest_route=%2Fwp%2Fv2%2Fcomments&post=3346"}],"version-history":[{"count":1,"href":"https:\/\/gobernacionaltaverapaz.gob.gt\/index.php?rest_route=\/wp\/v2\/posts\/3346\/revisions"}],"predecessor-version":[{"id":3347,"href":"https:\/\/gobernacionaltaverapaz.gob.gt\/index.php?rest_route=\/wp\/v2\/posts\/3346\/revisions\/3347"}],"wp:featuredmedia":[{"embeddable":true,"href":"https:\/\/gobernacionaltaverapaz.gob.gt\/index.php?rest_route=\/wp\/v2\/media\/3307"}],"wp:attachment":[{"href":"https:\/\/gobernacionaltaverapaz.gob.gt\/index.php?rest_route=%2Fwp%2Fv2%2Fmedia&parent=3346"}],"wp:term":[{"taxonomy":"category","embeddable":true,"href":"https:\/\/gobernacionaltaverapaz.gob.gt\/index.php?rest_route=%2Fwp%2Fv2%2Fcategories&post=3346"},{"taxonomy":"post_tag","embeddable":true,"href":"https:\/\/gobernacionaltaverapaz.gob.gt\/index.php?rest_route=%2Fwp%2Fv2%2Ftags&post=3346"}],"curies":[{"name":"wp","href":"https:\/\/api.w.org\/{rel}","templated":true}]}}