{"id":3348,"date":"2019-04-12T09:10:10","date_gmt":"2019-04-12T15:10:10","guid":{"rendered":"http:\/\/gobernacionaltaverapaz.gob.gt\/?p=3348"},"modified":"2019-04-25T15:17:45","modified_gmt":"2019-04-25T21:17:45","slug":"entrega-de-reconocimiento-al-trabajo-de-la-asociacin-probigua-suiza","status":"publish","type":"post","link":"https:\/\/gobernacionaltaverapaz.gob.gt\/?p=3348","title":{"rendered":"ENTREGA DE RECONOCIMIENTO AL TRABAJO DE LA ASOCIACI\u00d3N PROBIGUA SUIZA"},"content":{"rendered":"<p style=\"text-align: justify;\">Dentro del palacio de Gobernaci\u00f3n Departamental se realiz\u00f3 entrega de Reconocimiento, por parte del se\u00f1or Gobernador Departamental, M.A. Erik Nolberto Guerrero Milian, al Trabajo de la Asociaci\u00f3n PROBIGUA Suiza.<\/p>\n<p style=\"text-align: justify;\">En la misma se declar\u00f3 al fundador y representante de la asociaci\u00f3n, se\u00f1or Max Umiker, como hu\u00e9sped Distinguido, por su apoyo, gesti\u00f3n y liderazgo.<\/p>\n<p style=\"text-align: justify;\">Asociaci\u00f3n PROBIGUA Suiza, ha realizado aportes significativos en pro de la educaci\u00f3n, fomentando la alfabetizaci\u00f3n en las escuelas del \u00e1rea rural, instalando bibliotecas escolares, creando fondos para alumnos (as) y maestros (as) con el objeto de disponer de medios para su formaci\u00f3n y en la adquisici\u00f3n de computadoras e instrumentos musicales, en varios departamentos de la rep\u00fablica.<\/p>\n<div><\/div>\n","protected":false},"excerpt":{"rendered":"<p>En la misma se declar\u00f3 al fundador y representante de la asociaci\u00f3n, se\u00f1or Max Umiker, como hu\u00e9sped Distinguido, por su apoyo, gesti\u00f3n y liderazgo.<\/p>\n","protected":false},"author":1,"featured_media":3314,"comment_status":"closed","ping_status":"open","sticky":false,"template":"","format":"standard","meta":[],"categories":[199],"tags":[],"_links":{"self":[{"href":"https:\/\/gobernacionaltaverapaz.gob.gt\/index.php?rest_route=\/wp\/v2\/posts\/3348"}],"collection":[{"href":"https:\/\/gobernacionaltaverapaz.gob.gt\/index.php?rest_route=\/wp\/v2\/posts"}],"about":[{"href":"https:\/\/gobernacionaltaverapaz.gob.gt\/index.php?rest_route=\/wp\/v2\/types\/post"}],"author":[{"embeddable":true,"href":"https:\/\/gobernacionaltaverapaz.gob.gt\/index.php?rest_route=\/wp\/v2\/users\/1"}],"replies":[{"embeddable":true,"href":"https:\/\/gobernacionaltaverapaz.gob.gt\/index.php?rest_route=%2Fwp%2Fv2%2Fcomments&post=3348"}],"version-history":[{"count":2,"href":"https:\/\/gobernacionaltaverapaz.gob.gt\/index.php?rest_route=\/wp\/v2\/posts\/3348\/revisions"}],"predecessor-version":[{"id":3350,"href":"https:\/\/gobernacionaltaverapaz.gob.gt\/index.php?rest_route=\/wp\/v2\/posts\/3348\/revisions\/3350"}],"wp:featuredmedia":[{"embeddable":true,"href":"https:\/\/gobernacionaltaverapaz.gob.gt\/index.php?rest_route=\/wp\/v2\/media\/3314"}],"wp:attachment":[{"href":"https:\/\/gobernacionaltaverapaz.gob.gt\/index.php?rest_route=%2Fwp%2Fv2%2Fmedia&parent=3348"}],"wp:term":[{"taxonomy":"category","embeddable":true,"href":"https:\/\/gobernacionaltaverapaz.gob.gt\/index.php?rest_route=%2Fwp%2Fv2%2Fcategories&post=3348"},{"taxonomy":"post_tag","embeddable":true,"href":"https:\/\/gobernacionaltaverapaz.gob.gt\/index.php?rest_route=%2Fwp%2Fv2%2Ftags&post=3348"}],"curies":[{"name":"wp","href":"https:\/\/api.w.org\/{rel}","templated":true}]}}