{"id":3351,"date":"2019-04-11T16:23:31","date_gmt":"2019-04-11T22:23:31","guid":{"rendered":"http:\/\/gobernacionaltaverapaz.gob.gt\/?p=3351"},"modified":"2019-04-25T15:38:40","modified_gmt":"2019-04-25T21:38:40","slug":"reunin-ordinaria-de-la-red-departamental-contra-la-violencia-sexual-explotacin-trata-de-personas-red-vet","status":"publish","type":"post","link":"https:\/\/gobernacionaltaverapaz.gob.gt\/?p=3351","title":{"rendered":"REUNI\u00d3N ORDINARIA DE LA RED DEPARTAMENTAL CONTRA LA VIOLENCIA SEXUAL, EXPLOTACI\u00d3N Y TRATA DE PERSONAS -RED VET-"},"content":{"rendered":"<p style=\"text-align: justify;\">La Red Departamental Contra la Violencia Sexual, Explotaci\u00f3n y Trata de Personas -RED VET- del Departamento de Alta Verapaz, realizaron Reuni\u00f3n Ordinaria.<\/p>\n<p style=\"text-align: justify;\">Agenda tratada: Presentaci\u00f3n de Agenda, RED VET Cob\u00e1n y datos estad\u00edsticos de delitos VET, presentaci\u00f3n de propuestas de plan de trabajo 2019 de la RED VET Alta Verapaz, Organizaci\u00f3n de equipos por subcomisiones de trabajo, acuerdos y cierre de la actividad.<\/p>\n<p style=\"text-align: justify;\">La -SVET-, se siente complacida que el se\u00f1or Gobernador Departamental, M.A. Erik Nolberto Guerrero Milian, quien se adhiera a la campa\u00f1a Coraz\u00f3n Azul contra la Trata de Personas.<\/p>\n<p style=\"text-align: justify;\">El pacto del Coraz\u00f3n Azul es un instrumento simb\u00f3lico de adhesi\u00f3n a la campa\u00f1a con 11 preceptos que invitan a la ciudadan\u00eda a realizar acciones concretas para prevenir y combatir la trata de personas.<\/p>\n<div><\/div>\n","protected":false},"excerpt":{"rendered":"<p>Agenda tratada: Presentaci\u00f3n de Agenda, RED VET Cob\u00e1n y datos estad\u00edsticos de delitos VET, presentaci\u00f3n de propuestas de plan de trabajo 2019 de la RED VET Alta Verapaz, Organizaci\u00f3n de equipos por subcomisiones de trabajo, acuerdos y cierre de la actividad.<\/p>\n","protected":false},"author":1,"featured_media":3352,"comment_status":"closed","ping_status":"open","sticky":false,"template":"","format":"standard","meta":[],"categories":[191,199],"tags":[],"_links":{"self":[{"href":"https:\/\/gobernacionaltaverapaz.gob.gt\/index.php?rest_route=\/wp\/v2\/posts\/3351"}],"collection":[{"href":"https:\/\/gobernacionaltaverapaz.gob.gt\/index.php?rest_route=\/wp\/v2\/posts"}],"about":[{"href":"https:\/\/gobernacionaltaverapaz.gob.gt\/index.php?rest_route=\/wp\/v2\/types\/post"}],"author":[{"embeddable":true,"href":"https:\/\/gobernacionaltaverapaz.gob.gt\/index.php?rest_route=\/wp\/v2\/users\/1"}],"replies":[{"embeddable":true,"href":"https:\/\/gobernacionaltaverapaz.gob.gt\/index.php?rest_route=%2Fwp%2Fv2%2Fcomments&post=3351"}],"version-history":[{"count":2,"href":"https:\/\/gobernacionaltaverapaz.gob.gt\/index.php?rest_route=\/wp\/v2\/posts\/3351\/revisions"}],"predecessor-version":[{"id":3363,"href":"https:\/\/gobernacionaltaverapaz.gob.gt\/index.php?rest_route=\/wp\/v2\/posts\/3351\/revisions\/3363"}],"wp:featuredmedia":[{"embeddable":true,"href":"https:\/\/gobernacionaltaverapaz.gob.gt\/index.php?rest_route=\/wp\/v2\/media\/3352"}],"wp:attachment":[{"href":"https:\/\/gobernacionaltaverapaz.gob.gt\/index.php?rest_route=%2Fwp%2Fv2%2Fmedia&parent=3351"}],"wp:term":[{"taxonomy":"category","embeddable":true,"href":"https:\/\/gobernacionaltaverapaz.gob.gt\/index.php?rest_route=%2Fwp%2Fv2%2Fcategories&post=3351"},{"taxonomy":"post_tag","embeddable":true,"href":"https:\/\/gobernacionaltaverapaz.gob.gt\/index.php?rest_route=%2Fwp%2Fv2%2Ftags&post=3351"}],"curies":[{"name":"wp","href":"https:\/\/api.w.org\/{rel}","templated":true}]}}