{"id":3390,"date":"2019-04-25T10:07:14","date_gmt":"2019-04-25T16:07:14","guid":{"rendered":"http:\/\/gobernacionaltaverapaz.gob.gt\/?p=3390"},"modified":"2019-04-25T16:53:04","modified_gmt":"2019-04-25T22:53:04","slug":"presentacin-de-jvenes-prestarn-su-servicio-cvico","status":"publish","type":"post","link":"https:\/\/gobernacionaltaverapaz.gob.gt\/?p=3390","title":{"rendered":"PRESENTACI\u00d3N DE J\u00d3VENES QUE PRESTAR\u00c1N SERVICIO C\u00cdVICO"},"content":{"rendered":"<p style=\"text-align: justify;\">En las instalaciones del Ministerio de Agricultura Ganader\u00eda y Alimentaci\u00f3n -MAGA- se tuvo la presentaci\u00f3n de los j\u00f3venes quienes prestar\u00e1n su Servicio C\u00edvico, en esta entidad del estado.<\/p>\n<p style=\"text-align: justify;\">El Servicio C\u00edvico Social y C\u00edvico Militar, sustituy\u00f3 las pr\u00e1cticas establecidas por el Servicio Militar \u201cforzoso\u201d, dando opci\u00f3n a las juventudes guatemaltecas de decidir libremente bajo que modalidad prestar\u00e1n su Servicio C\u00edvico y de reducir el tiempo de servicio a 728 horas.<\/p>\n<p style=\"text-align: justify;\">Gobernador Departamental, M.A. Erik Nolberto Guerrero Milian, motiv\u00f3 a los participantes a esforzarse en su participaci\u00f3n ya que con ello aportan de gran manera a la instituci\u00f3n que se representa.<\/p>\n<div><\/div>\n","protected":false},"excerpt":{"rendered":"<p>En las instalaciones del Ministerio de Agricultura Ganader\u00eda y Alimentaci\u00f3n -MAGA-<\/p>\n","protected":false},"author":1,"featured_media":3382,"comment_status":"closed","ping_status":"open","sticky":false,"template":"","format":"standard","meta":[],"categories":[191,199],"tags":[178],"_links":{"self":[{"href":"https:\/\/gobernacionaltaverapaz.gob.gt\/index.php?rest_route=\/wp\/v2\/posts\/3390"}],"collection":[{"href":"https:\/\/gobernacionaltaverapaz.gob.gt\/index.php?rest_route=\/wp\/v2\/posts"}],"about":[{"href":"https:\/\/gobernacionaltaverapaz.gob.gt\/index.php?rest_route=\/wp\/v2\/types\/post"}],"author":[{"embeddable":true,"href":"https:\/\/gobernacionaltaverapaz.gob.gt\/index.php?rest_route=\/wp\/v2\/users\/1"}],"replies":[{"embeddable":true,"href":"https:\/\/gobernacionaltaverapaz.gob.gt\/index.php?rest_route=%2Fwp%2Fv2%2Fcomments&post=3390"}],"version-history":[{"count":3,"href":"https:\/\/gobernacionaltaverapaz.gob.gt\/index.php?rest_route=\/wp\/v2\/posts\/3390\/revisions"}],"predecessor-version":[{"id":3393,"href":"https:\/\/gobernacionaltaverapaz.gob.gt\/index.php?rest_route=\/wp\/v2\/posts\/3390\/revisions\/3393"}],"wp:featuredmedia":[{"embeddable":true,"href":"https:\/\/gobernacionaltaverapaz.gob.gt\/index.php?rest_route=\/wp\/v2\/media\/3382"}],"wp:attachment":[{"href":"https:\/\/gobernacionaltaverapaz.gob.gt\/index.php?rest_route=%2Fwp%2Fv2%2Fmedia&parent=3390"}],"wp:term":[{"taxonomy":"category","embeddable":true,"href":"https:\/\/gobernacionaltaverapaz.gob.gt\/index.php?rest_route=%2Fwp%2Fv2%2Fcategories&post=3390"},{"taxonomy":"post_tag","embeddable":true,"href":"https:\/\/gobernacionaltaverapaz.gob.gt\/index.php?rest_route=%2Fwp%2Fv2%2Ftags&post=3390"}],"curies":[{"name":"wp","href":"https:\/\/api.w.org\/{rel}","templated":true}]}}